{"id":1576,"date":"2020-04-21T08:37:33","date_gmt":"2020-04-21T06:37:33","guid":{"rendered":"https:\/\/chronopsychologie.org\/?p=1576"},"modified":"2020-06-17T07:54:47","modified_gmt":"2020-06-17T05:54:47","slug":"neue-perspektiven","status":"publish","type":"post","link":"http:\/\/salutologie.org\/en\/neue-perspektiven\/","title":{"rendered":"Neue Perspektiven"},"content":{"rendered":"<section class=\"wpb-content-wrapper\"><div class=\"block-area stripe wpb_row default with-border vc_row-fluid\"><div class=\"container clearfix\">\n\t<div class=\"vc_col-sm-12 wpb_column column_container\" style=\"\">\n\t\t<div class=\"wpb_wrapper\">\n\t\t\t<div class=\"vc_separator wpb_content_element vc_separator_align_center vc_sep_width_90 vc_sep_pos_align_center vc_sep_color_grey vc_separator-has-text\" ><span class=\"vc_sep_holder vc_sep_holder_l\"><span class=\"vc_sep_line\"><\/span><\/span><h4>Wie Sie die Risiken von COVID-19 als Chance nutzen k\u00f6nnen<\/h4><span class=\"vc_sep_holder vc_sep_holder_r\"><span class=\"vc_sep_line\"><\/span><\/span>\n<\/div>\n\t\t<\/div> \n\t<\/div> \n<\/div><\/div><div class=\"block-area stripe wpb_row default with-border vc_row-fluid\" style=\"background-color: #f8f8f8;\"><div class=\"container clearfix\">\n\t<div class=\"vc_col-sm-12 wpb_column column_container\" style=\"\">\n\t\t<div class=\"wpb_wrapper\">\n\t\t\t\n\t<div class=\"wpb_text_column wpb_content_element\">\n\t\t<div class=\"wpb_wrapper\">\n\t\t\t<p>Wenn nicht ein Wunder geschieht, werden wir \u00fcber weitere viele Monate mit erheblichen Einschr\u00e4nkungen in unserem Leben rechnen m\u00fcssen. Laut Experten wird es einen normalen Alltag erst wirklich mit einer Impfung gegen COVID-19 geben und dies k\u00f6nnte noch ein bis zwei Jahre dauern.<\/p>\n<p>Bislang wurde die Ma\u00dfnahmen gegen das Coronavirus im Wesentlichen durch Einschr\u00e4nkung der Kontakte zwischen Personen\u2013 einschlie\u00dfliche Quarant\u00e4ne \u2013 umgesetzt. Dies ist ein wichtiger erster Schritt, um die rasche Ausbreitung innerhalb der Bev\u00f6lkerung zu verringern. Damit entsteht jedoch keine Immunit\u00e4t der Menschen gegen das Virus (Herdenimmunit\u00e4t), es wird lediglich dessen Ausbreitung verhindert.<\/p>\n<p>Im zweiten Schritt jedoch muss der einzelne Mensch gegen die Ansteckungsgefahr widerstandsf\u00e4higer werden.<\/p>\n\n\t\t<\/div> \n\t<\/div> \n\t\t<\/div> \n\t<\/div> \n<\/div><\/div><div class=\"block-area stripe wpb_row default with-border vc_row-fluid\"><div class=\"container clearfix\">\n\t<div class=\"vc_col-sm-12 wpb_column column_container\" style=\"\">\n\t\t<div class=\"wpb_wrapper\">\n\t\t\t<div class=\"vc_separator wpb_content_element vc_separator_align_center vc_sep_width_100 vc_sep_pos_align_center vc_separator_no_text vc_sep_color_grey\" ><span class=\"vc_sep_holder vc_sep_holder_l\"><span class=\"vc_sep_line\"><\/span><\/span><span class=\"vc_sep_holder vc_sep_holder_r\"><span class=\"vc_sep_line\"><\/span><\/span>\n<\/div>\n\t\t<\/div> \n\t<\/div> \n<\/div><\/div><div class=\"block-area stripe wpb_row default with-border vc_row-fluid\"><div class=\"container clearfix\">\n\t<div class=\"vc_col-sm-12 wpb_column column_container\" style=\"\">\n\t\t<div class=\"wpb_wrapper\">\n\t\t\t\n\t<div class=\"wpb_text_column wpb_content_element\">\n\t\t<div class=\"wpb_wrapper\">\n\t\t\t<p>Genau daf\u00fcr hat das Experten-Team des Instituts f\u00fcr ChronoPsychologie und ChronoMedizin an der Sigmund Freud PrivatUniversit\u00e4t Wien das Programm CORONA PREVENT entwickelt, das zeigt, wie Sie jetzt K\u00f6rper, Geist und Familie gegen auftretende Viren in einer sich ver\u00e4ndernden Umwelt st\u00e4rken k\u00f6nnen.<\/p>\n\n\t\t<\/div> \n\t<\/div> \n\t\t<\/div> \n\t<\/div> \n<\/div><\/div><div class=\"block-area stripe wpb_row default with-border vc_row-fluid\"><div class=\"container clearfix\">\n\t<div class=\"vc_col-sm-12 wpb_column column_container\" style=\"\">\n\t\t<div class=\"wpb_wrapper\">\n\t\t\t<div class=\"gap\" style=\"line-height: 50px; height: 50px;\"><\/div>\n\t\t<\/div> \n\t<\/div> \n<\/div><\/div><div class=\"block-area stripe wpb_row default with-border vc_row-fluid\"><div class=\"container clearfix\">\n\t<div class=\"vc_col-sm-12 wpb_column column_container\" style=\"\">\n\t\t<div class=\"wpb_wrapper\">\n\t\t\t\n\t<div class=\"wpb_text_column wpb_content_element\">\n\t\t<div class=\"wpb_wrapper\">\n\t\t\t<p>Dieses Programm f\u00fchrt Sie durch die Fragestellungen:<\/p>\n<ol>\n<li><strong><em>Wie kann ich meine eigene Risikosituation erkennen?<\/em><\/strong><\/li>\n<li><em>Welche Ma\u00dfnahmen sind f\u00fcr mich sinnvoll?<\/em><\/li>\n<li><em>Was muss ich tun um auch in Zukunft gesund zu bleiben?<\/em><\/li>\n<\/ol>\n\n\t\t<\/div> \n\t<\/div> \n\t\t<\/div> \n\t<\/div> \n<\/div><\/div><div class=\"block-area stripe wpb_row default with-border vc_row-fluid\"><div class=\"container clearfix\">\n\t<div class=\"vc_col-sm-12 wpb_column column_container\" style=\"\">\n\t\t<div class=\"wpb_wrapper\">\n\t\t\t<div class=\"gap\" style=\"line-height: 30px; height: 30px;\"><\/div>\n\t\t<\/div> \n\t<\/div> \n<\/div><\/div><div class=\"block-area stripe wpb_row default with-border vc_row-fluid\"><div class=\"container clearfix\">\n\t<div class=\"vc_col-sm-12 wpb_column column_container\" style=\"\">\n\t\t<div class=\"wpb_wrapper\">\n\t\t\t\n\t<div class=\"wpb_text_column wpb_content_element\">\n\t\t<div class=\"wpb_wrapper\">\n\t\t\t<p>Mit diesem Programm wollen wir Sie und Ihre Familien dabei unterst\u00fctzen, gesund durch die Krise zu kommen und dazu noch diese <em>Krise als Chance f\u00fcr Ihre eigene Gesundheit<\/em> zu nutzen!<\/p>\n\n\t\t<\/div> \n\t<\/div> \n\t\t<\/div> \n\t<\/div> \n<\/div><\/div><div class=\"block-area stripe wpb_row default with-border vc_row-fluid\"><div class=\"container clearfix\">\n\t<div class=\"vc_col-sm-12 wpb_column column_container\" style=\"\">\n\t\t<div class=\"wpb_wrapper\">\n\t\t\t<div class=\"gap\" style=\"line-height: 30px; height: 30px;\"><\/div>\n\t\t<\/div> \n\t<\/div> \n<\/div><\/div><div class=\"block-area stripe wpb_row default with-border vc_row-fluid\"><div class=\"container clearfix\">\n\t<div class=\"vc_col-sm-12 wpb_column column_container\" style=\"\">\n\t\t<div class=\"wpb_wrapper\">\n\t\t\t<span class=\"btn-area wpb_button_custom center\"><a class=\"btn default\" title=\"Jetzt Buchen\" href=\"https:\/\/chronoinstitut.org\/kontakt\/\" target=\"_self\">Jetzt Buchen<\/a><\/span>\n\t\t<\/div> \n\t<\/div> \n<\/div><\/div><div class=\"block-area stripe wpb_row default with-border vc_row-fluid\"><div class=\"container clearfix\">\n\t<div class=\"vc_col-sm-12 wpb_column column_container\" style=\"\">\n\t\t<div class=\"wpb_wrapper\">\n\t\t\t<div class=\"gap\" style=\"line-height: 70px; height: 70px;\"><\/div>\n\t\t<\/div> \n\t<\/div> \n<\/div><\/div><div class=\"block-area stripe wpb_row default with-border vc_row-fluid\"><div class=\"container clearfix\">\n\t<div class=\"vc_col-sm-12 wpb_column column_container\" style=\"\">\n\t\t<div class=\"wpb_wrapper\">\n\t\t\t<div class=\"vc_separator wpb_content_element vc_separator_align_center vc_sep_width_100 vc_sep_pos_align_center vc_sep_color_grey vc_separator-has-text\" ><span class=\"vc_sep_holder vc_sep_holder_l\"><span class=\"vc_sep_line\"><\/span><\/span><h4>Eine neue Perspektive f\u00fcr unser Leben!<\/h4><span class=\"vc_sep_holder vc_sep_holder_r\"><span class=\"vc_sep_line\"><\/span><\/span>\n<\/div>\n\t\t<\/div> \n\t<\/div> \n<\/div><\/div><div class=\"block-area stripe wpb_row default with-border vc_row-fluid\"><div class=\"container clearfix\">\n\t<div class=\"vc_col-sm-12 wpb_column column_container\" style=\"padding-top: 20px;padding-bottom: 20px;\">\n\t\t<div class=\"wpb_wrapper\">\n\t\t\t<div class=\"head-block center\"><div class=\"head\"><h2><\/h2><div class=\"caption\"><p>\u201eDie Welt <i>as we know it<\/i> l\u00f6st sich gerade auf. Aber dahinter f\u00fcgt sich eine neue Welt zusammen, deren Formung wir zumindest erahnen k\u00f6nnen\u201d (Matthias Horx).<\/p>\n<\/div><\/div><\/div>\n\t\t<\/div> \n\t<\/div> \n<\/div><\/div><div class=\"block-area stripe wpb_row default with-border vc_row-fluid\"><div class=\"container clearfix\">\n\t<div class=\"vc_col-sm-12 wpb_column column_container\" style=\"\">\n\t\t<div class=\"wpb_wrapper\">\n\t\t\t\n\t<div class=\"wpb_text_column wpb_content_element\">\n\t\t<div class=\"wpb_wrapper\">\n\t\t\t<p>Noch nie in der Geschichte der westlichen Industriestaaten hat sich ein solch gravierender Einschnitt im Leben jedes Einzelnen abgezeichnet. Noch nie in der Entwicklung der Nachkriegsgeneration wurde eine derartige umfassende Ver\u00e4nderung erlebt, eine Ver\u00e4nderung, die alle Lebensbereiche betrifft: die <em>Gesundheit<\/em> (K\u00f6rper), den <em>Geist<\/em> (neues Verhalten, neues Lernsystem, neue berufliche Bedingungen) und die <em>Familie<\/em> (Distanzierung, Beruf, Wirtschaft, Gesellschaft). Um diese Ver\u00e4nderungen gemeinsam besser, aber auch innovativer meistern zu k\u00f6nnen, hat das Experten-Team des Instituts f\u00fcr ChronoPsychologie und ChronoMedizin (Chrono Institut) das Programm CORONA PREVENT entwickelt.<\/p>\n\n\t\t<\/div> \n\t<\/div> \n\t\t<\/div> \n\t<\/div> \n<\/div><\/div><div class=\"block-area stripe wpb_row default with-border vc_row-fluid\"><div class=\"container clearfix\">\n\t<div class=\"vc_col-sm-12 wpb_column column_container\" style=\"\">\n\t\t<div class=\"wpb_wrapper\">\n\t\t\t\n\t<div class=\"wpb_text_column wpb_content_element\">\n\t\t<div class=\"wpb_wrapper\">\n\t\t\t<p>Wir vom Chrono Institut besch\u00e4ftigen uns mit der langfristigen Entwicklung von Gesundheit (Salutogenese) und deren Lehre von Gesundheit (Salutologie). Gesundheit ist f\u00fcr uns nicht nur die Abwesenheit von Krankheit, sondern ein holistischer Zustand, der den Menschen in seiner ganzen F\u00fclle betrachtet. Gesundheit, die aus einem Gleichgewicht von unterschiedlichen Zust\u00e4nden entsteht, von Aktivit\u00e4t und Erholung zum Beispiel.<\/p>\n<p>So wie der Tag und die Nacht untrennbar mitsammen verbunden sind, ist der Mensch auch eingebettet in eine Dualit\u00e4t. Der Mensch muss diese Dualit\u00e4t letztlich zu einem Gleichgewicht \u2013 einer Hom\u00f6ostase \u2013 oder wie unser Kollege Dr. Henning Sartor es immer wieder ausdr\u00fcckt, als Hom\u00f6odynamik \u2013 zu einem dynamischen Gleichgewichtszustand f\u00fchren, soll Gesundheit erhalten bleiben (siehe: Witasek 2019).<\/p>\n<p>Im menschlichen K\u00f6rper dient das autonome Nervensystem jener Anpassung an die dualen Anforderungen der Umwelt: Je besser es in der Lage ist die unterschiedlichen Umweltbedingungen auszugleichen \u2013 zu regulieren \u2013 so widerstandsf\u00e4higer, leistungsf\u00e4higer und ges\u00fcnder wird der Mensch sein. Diese Anpassung des menschlichen Organismus an die wechselnden Bedingungen der Umwelt werden von uns die \u201eRegulationsf\u00e4higkeit\u201d des autonomen Nervensystems genannt.<\/p>\n<p>Unser Institutsvorstand Univ. Prof. Dr. Dr. Josef Zeitlhofer und ich besch\u00e4ftigen uns seit vielen Jahren mit diesem Thema, welches speziell die Kernproblematik von Erm\u00fcdung, Ersch\u00f6pfung und Leistungsf\u00e4higkeit betrifft. Regulationsf\u00e4higkeit hinsichtlich der Belastung von Arbeit, Familie, Sport und dem Risiko der Fehlbeanspruchung, wie die steigenden Zahlen von Ersch\u00f6pfungssyndrom, Depression und Burnout zeigen (siehe: Kl\u00f6sch, Hauschild, Zeitlhofer 2020).<\/p>\n\n\t\t<\/div> \n\t<\/div> \n\t\t<\/div> \n\t<\/div> \n<\/div><\/div><div class=\"block-area stripe wpb_row default with-border vc_row-fluid\"><div class=\"container clearfix\">\n\t<div class=\"vc_col-sm-12 wpb_column column_container\" style=\"\">\n\t\t<div class=\"wpb_wrapper\">\n\t\t\t<div class=\"gap\" style=\"line-height: 70px; height: 70px;\"><\/div>\n\t\t<\/div> \n\t<\/div> \n<\/div><\/div><div class=\"block-area stripe wpb_row default with-border vc_row-fluid\"><div class=\"container clearfix\">\n\t<div class=\"vc_col-sm-12 wpb_column column_container\" style=\"\">\n\t\t<div class=\"wpb_wrapper\">\n\t\t\t<div class=\"vc_separator wpb_content_element vc_separator_align_center vc_sep_width_100 vc_sep_pos_align_center vc_sep_color_grey vc_separator-has-text\" ><span class=\"vc_sep_holder vc_sep_holder_l\"><span class=\"vc_sep_line\"><\/span><\/span><h4>Was hat dies aber mit dem Coronavirus zu tun?<\/h4><span class=\"vc_sep_holder vc_sep_holder_r\"><span class=\"vc_sep_line\"><\/span><\/span>\n<\/div>\n\t\t<\/div> \n\t<\/div> \n<\/div><\/div><div class=\"block-area stripe wpb_row default with-border vc_row-fluid\"><div class=\"container clearfix\">\n\t<div class=\"vc_col-sm-12 wpb_column column_container\" style=\"\">\n\t\t<div class=\"wpb_wrapper\">\n\t\t\t\n\t<div class=\"wpb_text_column wpb_content_element\">\n\t\t<div class=\"wpb_wrapper\">\n\t\t\t<p>Ist der menschliche K\u00f6rper widerstandsf\u00e4hig, anpassungsf\u00e4hig und leistungsf\u00e4hig, so werden Umweltbelastungen -\u2013auch jene durch COVID-19 \u2013 besser adaptiert. Der menschliche Organismus wird resistenter und widerstandsf\u00e4higer. Die Widerstandsf\u00e4higkeit wiederum resultiert aus einem gesunden Immunsystem und einem gut funktionierenden autonomen Nervensystem. Und, genau auf diese Kernfaktoren wird das Programm CORONA PREVENT eingehen!<\/p>\n<p>Quelle: <a href=\"https:\/\/chronoinstitut.org\/wp-content\/uploads\/2020\/02\/Biovis_SARS-CoV-2_DE.pdf\" target=\"_blank\" rel=\"noopener noreferrer\">Biovis Fachinformation 04\/20<\/a><\/p>\n\n\t\t<\/div> \n\t<\/div> \n\t\t<\/div> \n\t<\/div> \n<\/div><\/div><div class=\"block-area stripe wpb_row default with-border vc_row-fluid\"><div class=\"container clearfix\">\n\t<div class=\"vc_col-sm-12 wpb_column column_container\" style=\"\">\n\t\t<div class=\"wpb_wrapper\">\n\t\t\t<div class=\"gap\" style=\"line-height: 70px; height: 70px;\"><\/div>\n\t\t<\/div> \n\t<\/div> \n<\/div><\/div><div class=\"block-area stripe wpb_row default with-border vc_row-fluid\"><div class=\"container clearfix\">\n\t<div class=\"vc_col-sm-12 wpb_column column_container\" style=\"\">\n\t\t<div class=\"wpb_wrapper\">\n\t\t\t<span class=\"btn-area wpb_button_custom center\"><a class=\"btn default\" title=\"Angebot und Preise\" href=\"https:\/\/chronoinstitut.org\/wp-content\/uploads\/2020\/05\/CORONA-PREVENT-Angebot-2.pdf\" target=\"_blank\">Angebot und Preise<\/a><\/span>\n\t\t<\/div> \n\t<\/div> \n<\/div><\/div><div class=\"block-area stripe wpb_row default with-border vc_row-fluid\"><div class=\"container clearfix\">\n\t<div class=\"vc_col-sm-12 wpb_column column_container\" style=\"\">\n\t\t<div class=\"wpb_wrapper\">\n\t\t\t<span class=\"btn-area wpb_button_custom center\"><a class=\"btn default\" title=\"Jetzt CORONA PREVENT Test Set bestellen\" href=\"https:\/\/chronoinstitut.org\/kontakt\" target=\"_blank\">Jetzt CORONA PREVENT Test Set bestellen<\/a><\/span>\n\t\t<\/div> \n\t<\/div> \n<\/div><\/div><div class=\"block-area stripe wpb_row default with-border vc_row-fluid\"><div class=\"container clearfix\">\n\t<div class=\"vc_col-sm-12 wpb_column column_container\" style=\"\">\n\t\t<div class=\"wpb_wrapper\">\n\t\t\t<div class=\"gap\" style=\"line-height: 70px; height: 70px;\"><\/div>\n\t\t<\/div> \n\t<\/div> \n<\/div><\/div><div class=\"block-area stripe wpb_row default with-border vc_row-fluid\" style=\"padding-top: 70px;\"><div class=\"container clearfix\">\n\t<div class=\"vc_col-sm-6 wpb_column column_container\" style=\"\">\n\t\t<div class=\"wpb_wrapper\">\n\t\t\t\n\t<div class=\"wpb_single_image_wrapper center\"><div class=\"wpb_single_image wpb_content_element\">\n\t\t<div class=\"wpb_wrapper\">\n\t\t\t\n\t\t\t<div class=\"single_image_wrapper box-item\"><img width=\"617\" height=\"617\" src=\"https:\/\/salutologie.org\/wp-content\/uploads\/2020\/01\/Peter-Hauschild-copy.jpeg\" class=\"attachment-full\" alt=\"\" decoding=\"async\" loading=\"lazy\" srcset=\"https:\/\/salutologie.org\/wp-content\/uploads\/2020\/01\/Peter-Hauschild-copy.jpeg 617w, https:\/\/salutologie.org\/wp-content\/uploads\/2020\/01\/Peter-Hauschild-copy-300x300.jpeg 300w, https:\/\/salutologie.org\/wp-content\/uploads\/2020\/01\/Peter-Hauschild-copy-150x150.jpeg 150w, https:\/\/salutologie.org\/wp-content\/uploads\/2020\/01\/Peter-Hauschild-copy-500x500.jpeg 500w\" sizes=\"(max-width: 617px) 100vw, 617px\" \/><\/div>\n\t\t<\/div> \n\t<\/div><\/div> \n\t\t<\/div> \n\t<\/div> \n\n\t<div class=\"vc_col-sm-6 wpb_column column_container\" style=\"\">\n\t\t<div class=\"wpb_wrapper\">\n\t\t\t\n\t<div class=\"wpb_text_column wpb_content_element\">\n\t\t<div class=\"wpb_wrapper\">\n\t\t\t<p><strong>MMag. Dr. Peter Hauschild<\/strong><\/p>\n<p>Stellvert. Institutsvorstand<br \/>\nInstitut f\u00fcr ChronoPsychologie und Chrono Medizin<\/p>\n<p>HeartBalance Innovations GmbH,<br \/>\nGesch\u00e4ftsf\u00fchrender Gesellschafter<\/p>\n<p><a href=\"https:\/\/chronopsychologie.org\/team-member\/peter-hauschild\/\" target=\"_blank\" rel=\"noopener noreferrer\">Weiterlesen<\/a><\/p>\n\n\t\t<\/div> \n\t<\/div> \n\t\t<\/div> \n\t<\/div> \n<\/div><\/div>\n<\/section>","protected":false},"excerpt":{"rendered":"<p>COVID-19 als Chance nutzen!<\/p>","protected":false},"author":1,"featured_media":2138,"comment_status":"closed","ping_status":"open","sticky":false,"template":"","format":"standard","meta":{"footnotes":""},"categories":[15],"tags":[],"yoast_head":"<!-- This site is optimized with the Yoast SEO plugin v22.6 - https:\/\/yoast.com\/wordpress\/plugins\/seo\/ -->\n<title>Neue Perspektiven - Universit\u00e4t f\u00fcr Salutologie\u00ae<\/title>\n<meta name=\"robots\" content=\"index, follow, max-snippet:-1, max-image-preview:large, max-video-preview:-1\" \/>\n<link rel=\"canonical\" href=\"https:\/\/salutologie.org\/en\/neue-perspektiven\/?lang=en\" \/>\n<meta property=\"og:locale\" content=\"en_GB\" \/>\n<meta property=\"og:type\" content=\"article\" \/>\n<meta property=\"og:title\" content=\"Neue Perspektiven - Universit\u00e4t f\u00fcr Salutologie\u00ae\" \/>\n<meta property=\"og:description\" content=\"COVID-19 als Chance nutzen!\" \/>\n<meta property=\"og:url\" content=\"https:\/\/salutologie.org\/en\/neue-perspektiven\/?lang=en\" \/>\n<meta property=\"og:site_name\" content=\"Universit\u00e4t f\u00fcr Salutologie\u00ae\" \/>\n<meta property=\"article:published_time\" content=\"2020-04-21T06:37:33+00:00\" \/>\n<meta property=\"article:modified_time\" content=\"2020-06-17T05:54:47+00:00\" \/>\n<meta property=\"og:image\" content=\"https:\/\/salutologie.org\/wp-content\/uploads\/2020\/04\/Artikel-1.jpg\" \/>\n\t<meta property=\"og:image:width\" content=\"1500\" \/>\n\t<meta property=\"og:image:height\" content=\"500\" \/>\n\t<meta property=\"og:image:type\" content=\"image\/jpeg\" \/>\n<meta name=\"author\" content=\"wp-admin\" \/>\n<meta name=\"twitter:card\" content=\"summary_large_image\" \/>\n<meta name=\"twitter:label1\" content=\"Written by\" \/>\n\t<meta name=\"twitter:data1\" content=\"wp-admin\" \/>\n\t<meta name=\"twitter:label2\" content=\"Estimated reading time\" \/>\n\t<meta name=\"twitter:data2\" content=\"11 minutes\" \/>\n<script type=\"application\/ld+json\" class=\"yoast-schema-graph\">{\"@context\":\"https:\/\/schema.org\",\"@graph\":[{\"@type\":\"WebPage\",\"@id\":\"https:\/\/salutologie.org\/neue-perspektiven\/?lang=en\",\"url\":\"https:\/\/salutologie.org\/neue-perspektiven\/?lang=en\",\"name\":\"Neue Perspektiven - Universit\u00e4t f\u00fcr Salutologie\u00ae\",\"isPartOf\":{\"@id\":\"https:\/\/salutologie.org\/#website\"},\"primaryImageOfPage\":{\"@id\":\"https:\/\/salutologie.org\/neue-perspektiven\/?lang=en#primaryimage\"},\"image\":{\"@id\":\"https:\/\/salutologie.org\/neue-perspektiven\/?lang=en#primaryimage\"},\"thumbnailUrl\":\"https:\/\/salutologie.org\/wp-content\/uploads\/2020\/04\/Artikel-1.jpg\",\"datePublished\":\"2020-04-21T06:37:33+00:00\",\"dateModified\":\"2020-06-17T05:54:47+00:00\",\"author\":{\"@id\":\"https:\/\/salutologie.org\/#\/schema\/person\/828e3d339c739b762a4294433c05a9ce\"},\"breadcrumb\":{\"@id\":\"https:\/\/salutologie.org\/neue-perspektiven\/?lang=en#breadcrumb\"},\"inLanguage\":\"en-GB\",\"potentialAction\":[{\"@type\":\"ReadAction\",\"target\":[\"https:\/\/salutologie.org\/neue-perspektiven\/?lang=en\"]}]},{\"@type\":\"ImageObject\",\"inLanguage\":\"en-GB\",\"@id\":\"https:\/\/salutologie.org\/neue-perspektiven\/?lang=en#primaryimage\",\"url\":\"https:\/\/salutologie.org\/wp-content\/uploads\/2020\/04\/Artikel-1.jpg\",\"contentUrl\":\"https:\/\/salutologie.org\/wp-content\/uploads\/2020\/04\/Artikel-1.jpg\",\"width\":1500,\"height\":500},{\"@type\":\"BreadcrumbList\",\"@id\":\"https:\/\/salutologie.org\/neue-perspektiven\/?lang=en#breadcrumb\",\"itemListElement\":[{\"@type\":\"ListItem\",\"position\":1,\"name\":\"Startseite\",\"item\":\"https:\/\/salutologie.org\/\"},{\"@type\":\"ListItem\",\"position\":2,\"name\":\"Neue Perspektiven\"}]},{\"@type\":\"WebSite\",\"@id\":\"https:\/\/salutologie.org\/#website\",\"url\":\"https:\/\/salutologie.org\/\",\"name\":\"Universit\u00e4t f\u00fcr Salutologie\u00ae\",\"description\":\"Universit\u00e4t f\u00fcr Salutologie\u00ae\",\"potentialAction\":[{\"@type\":\"SearchAction\",\"target\":{\"@type\":\"EntryPoint\",\"urlTemplate\":\"https:\/\/salutologie.org\/?s={search_term_string}\"},\"query-input\":\"required name=search_term_string\"}],\"inLanguage\":\"en-GB\"},{\"@type\":\"Person\",\"@id\":\"https:\/\/salutologie.org\/#\/schema\/person\/828e3d339c739b762a4294433c05a9ce\",\"name\":\"wp-admin\",\"image\":{\"@type\":\"ImageObject\",\"inLanguage\":\"en-GB\",\"@id\":\"https:\/\/salutologie.org\/#\/schema\/person\/image\/\",\"url\":\"http:\/\/1.gravatar.com\/avatar\/d9646857442a8843a3b62a0dda760756?s=96&d=mm&r=g\",\"contentUrl\":\"http:\/\/1.gravatar.com\/avatar\/d9646857442a8843a3b62a0dda760756?s=96&d=mm&r=g\",\"caption\":\"wp-admin\"},\"url\":\"http:\/\/salutologie.org\/en\/author\/wp-admin\/\"}]}<\/script>\n<!-- \/ Yoast SEO plugin. -->","yoast_head_json":{"title":"Neue Perspektiven - Universit\u00e4t f\u00fcr Salutologie\u00ae","robots":{"index":"index","follow":"follow","max-snippet":"max-snippet:-1","max-image-preview":"max-image-preview:large","max-video-preview":"max-video-preview:-1"},"canonical":"https:\/\/salutologie.org\/en\/neue-perspektiven\/?lang=en","og_locale":"en_GB","og_type":"article","og_title":"Neue Perspektiven - Universit\u00e4t f\u00fcr Salutologie\u00ae","og_description":"COVID-19 als Chance nutzen!","og_url":"https:\/\/salutologie.org\/en\/neue-perspektiven\/?lang=en","og_site_name":"Universit\u00e4t f\u00fcr Salutologie\u00ae","article_published_time":"2020-04-21T06:37:33+00:00","article_modified_time":"2020-06-17T05:54:47+00:00","og_image":[{"width":1500,"height":500,"url":"https:\/\/salutologie.org\/wp-content\/uploads\/2020\/04\/Artikel-1.jpg","type":"image\/jpeg"}],"author":"wp-admin","twitter_card":"summary_large_image","twitter_misc":{"Written by":"wp-admin","Estimated reading time":"11 minutes"},"schema":{"@context":"https:\/\/schema.org","@graph":[{"@type":"WebPage","@id":"https:\/\/salutologie.org\/neue-perspektiven\/?lang=en","url":"https:\/\/salutologie.org\/neue-perspektiven\/?lang=en","name":"Neue Perspektiven - Universit\u00e4t f\u00fcr Salutologie\u00ae","isPartOf":{"@id":"https:\/\/salutologie.org\/#website"},"primaryImageOfPage":{"@id":"https:\/\/salutologie.org\/neue-perspektiven\/?lang=en#primaryimage"},"image":{"@id":"https:\/\/salutologie.org\/neue-perspektiven\/?lang=en#primaryimage"},"thumbnailUrl":"https:\/\/salutologie.org\/wp-content\/uploads\/2020\/04\/Artikel-1.jpg","datePublished":"2020-04-21T06:37:33+00:00","dateModified":"2020-06-17T05:54:47+00:00","author":{"@id":"https:\/\/salutologie.org\/#\/schema\/person\/828e3d339c739b762a4294433c05a9ce"},"breadcrumb":{"@id":"https:\/\/salutologie.org\/neue-perspektiven\/?lang=en#breadcrumb"},"inLanguage":"en-GB","potentialAction":[{"@type":"ReadAction","target":["https:\/\/salutologie.org\/neue-perspektiven\/?lang=en"]}]},{"@type":"ImageObject","inLanguage":"en-GB","@id":"https:\/\/salutologie.org\/neue-perspektiven\/?lang=en#primaryimage","url":"https:\/\/salutologie.org\/wp-content\/uploads\/2020\/04\/Artikel-1.jpg","contentUrl":"https:\/\/salutologie.org\/wp-content\/uploads\/2020\/04\/Artikel-1.jpg","width":1500,"height":500},{"@type":"BreadcrumbList","@id":"https:\/\/salutologie.org\/neue-perspektiven\/?lang=en#breadcrumb","itemListElement":[{"@type":"ListItem","position":1,"name":"Startseite","item":"https:\/\/salutologie.org\/"},{"@type":"ListItem","position":2,"name":"Neue Perspektiven"}]},{"@type":"WebSite","@id":"https:\/\/salutologie.org\/#website","url":"https:\/\/salutologie.org\/","name":"Universit\u00e4t f\u00fcr Salutologie\u00ae","description":"Universit\u00e4t f\u00fcr Salutologie\u00ae","potentialAction":[{"@type":"SearchAction","target":{"@type":"EntryPoint","urlTemplate":"https:\/\/salutologie.org\/?s={search_term_string}"},"query-input":"required name=search_term_string"}],"inLanguage":"en-GB"},{"@type":"Person","@id":"https:\/\/salutologie.org\/#\/schema\/person\/828e3d339c739b762a4294433c05a9ce","name":"wp-admin","image":{"@type":"ImageObject","inLanguage":"en-GB","@id":"https:\/\/salutologie.org\/#\/schema\/person\/image\/","url":"http:\/\/1.gravatar.com\/avatar\/d9646857442a8843a3b62a0dda760756?s=96&d=mm&r=g","contentUrl":"http:\/\/1.gravatar.com\/avatar\/d9646857442a8843a3b62a0dda760756?s=96&d=mm&r=g","caption":"wp-admin"},"url":"http:\/\/salutologie.org\/en\/author\/wp-admin\/"}]}},"_links":{"self":[{"href":"http:\/\/salutologie.org\/en\/wp-json\/wp\/v2\/posts\/1576"}],"collection":[{"href":"http:\/\/salutologie.org\/en\/wp-json\/wp\/v2\/posts"}],"about":[{"href":"http:\/\/salutologie.org\/en\/wp-json\/wp\/v2\/types\/post"}],"author":[{"embeddable":true,"href":"http:\/\/salutologie.org\/en\/wp-json\/wp\/v2\/users\/1"}],"replies":[{"embeddable":true,"href":"http:\/\/salutologie.org\/en\/wp-json\/wp\/v2\/comments?post=1576"}],"version-history":[{"count":59,"href":"http:\/\/salutologie.org\/en\/wp-json\/wp\/v2\/posts\/1576\/revisions"}],"predecessor-version":[{"id":2640,"href":"http:\/\/salutologie.org\/en\/wp-json\/wp\/v2\/posts\/1576\/revisions\/2640"}],"wp:featuredmedia":[{"embeddable":true,"href":"http:\/\/salutologie.org\/en\/wp-json\/wp\/v2\/media\/2138"}],"wp:attachment":[{"href":"http:\/\/salutologie.org\/en\/wp-json\/wp\/v2\/media?parent=1576"}],"wp:term":[{"taxonomy":"category","embeddable":true,"href":"http:\/\/salutologie.org\/en\/wp-json\/wp\/v2\/categories?post=1576"},{"taxonomy":"post_tag","embeddable":true,"href":"http:\/\/salutologie.org\/en\/wp-json\/wp\/v2\/tags?post=1576"}],"curies":[{"name":"wp","href":"https:\/\/api.w.org\/{rel}","templated":true}]}}