{"id":2083,"date":"2020-05-27T18:31:48","date_gmt":"2020-05-27T16:31:48","guid":{"rendered":"https:\/\/chronoinstitut.org\/?p=2083"},"modified":"2020-06-17T07:55:25","modified_gmt":"2020-06-17T05:55:25","slug":"das-risiko-von-covid-19","status":"publish","type":"post","link":"http:\/\/salutologie.org\/en\/das-risiko-von-covid-19\/","title":{"rendered":"Das Risiko von COVID-19"},"content":{"rendered":"<section class=\"wpb-content-wrapper\"><div class=\"block-area stripe wpb_row default with-border vc_row-fluid\"><div class=\"container clearfix\">\n\t<div class=\"vc_col-sm-12 wpb_column column_container\" style=\"\">\n\t\t<div class=\"wpb_wrapper\">\n\t\t\t<div class=\"vc_separator wpb_content_element vc_separator_align_center vc_sep_width_100 vc_sep_pos_align_center vc_sep_color_grey vc_separator-has-text\" ><span class=\"vc_sep_holder vc_sep_holder_l\"><span class=\"vc_sep_line\"><\/span><\/span><h4>Wie Sie die Risiken von COVID-19 als Chance nutzen k\u00f6nnen<\/h4><span class=\"vc_sep_holder vc_sep_holder_r\"><span class=\"vc_sep_line\"><\/span><\/span>\n<\/div>\n\t\t<\/div> \n\t<\/div> \n<\/div><\/div><div class=\"block-area stripe wpb_row default with-border vc_row-fluid\"><div class=\"container clearfix\">\n\t<div class=\"vc_col-sm-12 wpb_column column_container\" style=\"\">\n\t\t<div class=\"wpb_wrapper\">\n\t\t\t\n\t<div class=\"wpb_text_column wpb_content_element\">\n\t\t<div class=\"wpb_wrapper\">\n\t\t\t<p>Wir haben uns nach bald 4 Monaten seit Ausbruch der Pandemie von COVID-19 schon an Distanz, Maskenpflicht in den Gesch\u00e4ften, die Arbeit im Homeoffice und die Betreuung der Sch\u00fcler durch die Eltern und deren virtuellen Unterricht gew\u00f6hnt. Doch wie lange wird dieser Zustand so bleiben? Was k\u00f6nnen wir tun, damit wir das Risiko von COVID-19 rechtzeitig erkennen? Wie kann ich sicher gehen, dass meine Kollegen, Lehrer, Mitsch\u00fcler oder Bekannte nicht ansteckend sind? Wann ist erkennbar, dass eine Infektion eingetreten ist?<\/p>\n<p>Es ist in allen L\u00e4ndern nachweisbar, dass Menschen mit chronischen Erkrankungen und sogenannten \u201eZivilisationserkrankungen\u201d besonders gef\u00e4hrdet sind an COVID-19 zu erkranken. Die Hauptrisiken hier sind das Alter und die bestehenden Vorerkrankungen. Genau hier zeigt sich, dass Menschen mit reduzierter Widerstandsf\u00e4higkeit und geschw\u00e4chtem Immunsystem das gr\u00f6\u00dfte Risiko haben, zu erkranken.<\/p>\n\n\t\t<\/div> \n\t<\/div> \n\t\t<\/div> \n\t<\/div> \n<\/div><\/div><div class=\"block-area stripe wpb_row default with-border vc_row-fluid\"><div class=\"container clearfix\">\n\t<div class=\"vc_col-sm-12 wpb_column column_container\" style=\"\">\n\t\t<div class=\"wpb_wrapper\">\n\t\t\t<div class=\"gap\" style=\"line-height: 60px; height: 60px;\"><\/div>\n\t\t<\/div> \n\t<\/div> \n<\/div><\/div><div class=\"block-area stripe wpb_row default with-border vc_row-fluid\"><div class=\"container clearfix\">\n\t<div class=\"vc_col-sm-12 wpb_column column_container\" style=\"\">\n\t\t<div class=\"wpb_wrapper\">\n\t\t\t<div class=\"vc_separator wpb_content_element vc_separator_align_center vc_sep_width_100 vc_sep_pos_align_center vc_sep_color_grey vc_separator-has-text\" ><span class=\"vc_sep_holder vc_sep_holder_l\"><span class=\"vc_sep_line\"><\/span><\/span><h4>Das CORONA PREVENT Programm<\/h4><span class=\"vc_sep_holder vc_sep_holder_r\"><span class=\"vc_sep_line\"><\/span><\/span>\n<\/div>\n\t\t<\/div> \n\t<\/div> \n<\/div><\/div><div class=\"block-area stripe wpb_row default with-border vc_row-fluid\"><div class=\"container clearfix\">\n\t<div class=\"vc_col-sm-12 wpb_column column_container\" style=\"\">\n\t\t<div class=\"wpb_wrapper\">\n\t\t\t\n\t<div class=\"wpb_text_column wpb_content_element\">\n\t\t<div class=\"wpb_wrapper\">\n\t\t\t<p>Genau daf\u00fcr hat das Experten-Team des Instituts f\u00fcr ChronoPsychologie und ChronoMedizin an der Sigmund Freud PrivatUniversit\u00e4t Wien das Programm CORONA PREVENT entwickelt, das zeigt, wie Sie jetzt K\u00f6rper, Geist und Familie gegen auftretende Viren in einer sich ver\u00e4ndernden Umwelt st\u00e4rken k\u00f6nnen.<\/p>\n\n\t\t<\/div> \n\t<\/div> \n\t\t<\/div> \n\t<\/div> \n<\/div><\/div><div class=\"block-area stripe wpb_row default with-border vc_row-fluid\"><div class=\"container clearfix\">\n\t<div class=\"vc_col-sm-12 wpb_column column_container\" style=\"\">\n\t\t<div class=\"wpb_wrapper\">\n\t\t\t<div class=\"gap\" style=\"line-height: 50px; height: 50px;\"><\/div>\n\t\t<\/div> \n\t<\/div> \n<\/div><\/div><div class=\"block-area stripe wpb_row default with-border vc_row-fluid\"><div class=\"container clearfix\">\n\t<div class=\"vc_col-sm-12 wpb_column column_container\" style=\"\">\n\t\t<div class=\"wpb_wrapper\">\n\t\t\t\n\t<div class=\"wpb_text_column wpb_content_element\">\n\t\t<div class=\"wpb_wrapper\">\n\t\t\t<p>Dieses Programm f\u00fchrt Sie durch die Fragestellungen:<\/p>\n<ol>\n<li><strong><em>Wie kann ich meine eigene Risikosituation erkennen?<\/em><\/strong><\/li>\n<li><em>Welche Ma\u00dfnahmen sind f\u00fcr mich sinnvoll?<\/em><\/li>\n<li><em>Was muss ich tun um auch in Zukunft gesund zu bleiben?<\/em><\/li>\n<\/ol>\n\n\t\t<\/div> \n\t<\/div> \n\t\t<\/div> \n\t<\/div> \n<\/div><\/div><div class=\"block-area stripe wpb_row default with-border vc_row-fluid\"><div class=\"container clearfix\">\n\t<div class=\"vc_col-sm-12 wpb_column column_container\" style=\"\">\n\t\t<div class=\"wpb_wrapper\">\n\t\t\t<div class=\"gap\" style=\"line-height: 30px; height: 30px;\"><\/div>\n\t\t<\/div> \n\t<\/div> \n<\/div><\/div><div class=\"block-area stripe wpb_row default with-border vc_row-fluid\"><div class=\"container clearfix\">\n\t<div class=\"vc_col-sm-12 wpb_column column_container\" style=\"\">\n\t\t<div class=\"wpb_wrapper\">\n\t\t\t\n\t<div class=\"wpb_text_column wpb_content_element\">\n\t\t<div class=\"wpb_wrapper\">\n\t\t\t<p>Mit diesem Programm wollen wir Sie und Ihre Familien dabei unterst\u00fctzen, gesund durch die Krise zu kommen und dazu noch diese <em>Krise als Chance f\u00fcr Ihre eigene Gesundheit<\/em> zu nutzen!<\/p>\n\n\t\t<\/div> \n\t<\/div> \n\t\t<\/div> \n\t<\/div> \n<\/div><\/div><div class=\"block-area stripe wpb_row default with-border vc_row-fluid\"><div class=\"container clearfix\">\n\t<div class=\"vc_col-sm-12 wpb_column column_container\" style=\"\">\n\t\t<div class=\"wpb_wrapper\">\n\t\t\t<div class=\"gap\" style=\"line-height: 10px; height: 10px;\"><\/div>\n\t\t<\/div> \n\t<\/div> \n<\/div><\/div><div class=\"block-area stripe wpb_row default with-border vc_row-fluid\"><div class=\"container clearfix\">\n\t<div class=\"vc_col-sm-12 wpb_column column_container\" style=\"\">\n\t\t<div class=\"wpb_wrapper\">\n\t\t\t<span class=\"btn-area wpb_button_custom center\"><a class=\"btn default\" title=\"Jetzt CORONA PREVENT buchen\" href=\"https:\/\/chronoinstitut.org\/kontakt\/\" target=\"_blank\">Jetzt CORONA PREVENT buchen<\/a><\/span>\n\t\t<\/div> \n\t<\/div> \n<\/div><\/div><div class=\"block-area stripe wpb_row default with-border vc_row-fluid\"><div class=\"container clearfix\">\n\t<div class=\"vc_col-sm-12 wpb_column column_container\" style=\"\">\n\t\t<div class=\"wpb_wrapper\">\n\t\t\t<div class=\"gap\" style=\"line-height: 60px; height: 60px;\"><\/div>\n\t\t<\/div> \n\t<\/div> \n<\/div><\/div><div class=\"block-area stripe wpb_row default with-border vc_row-fluid\"><div class=\"container clearfix\">\n\t<div class=\"vc_col-sm-12 wpb_column column_container\" style=\"\">\n\t\t<div class=\"wpb_wrapper\">\n\t\t\t<div class=\"vc_separator wpb_content_element vc_separator_align_center vc_sep_width_100 vc_sep_pos_align_center vc_sep_color_grey vc_separator-has-text\" ><span class=\"vc_sep_holder vc_sep_holder_l\"><span class=\"vc_sep_line\"><\/span><\/span><h4>Was f\u00fcr ein Virus ist COVID-19?<\/h4><span class=\"vc_sep_holder vc_sep_holder_r\"><span class=\"vc_sep_line\"><\/span><\/span>\n<\/div>\n\t\t<\/div> \n\t<\/div> \n<\/div><\/div><div class=\"block-area stripe wpb_row default with-border vc_row-fluid\"><div class=\"container clearfix\">\n\t<div class=\"vc_col-sm-12 wpb_column column_container\" style=\"\">\n\t\t<div class=\"wpb_wrapper\">\n\t\t\t\n\t<div class=\"wpb_text_column wpb_content_element\">\n\t\t<div class=\"wpb_wrapper\">\n\t\t\t<p>Die gesundheitlichen und wirtschaftlichen Auswirkungen treffen das gesamte System, genauso wie Unternehmen und die gesamte Bev\u00f6lkerung. Der Hauptgrund f\u00fcr einen schweren Verlauf von COVID-19 sind hohes Alter und bestehende Vorerkrankungen. Alleine in \u00d6sterreich leiden 20% der Bev\u00f6lkerung an Bluthochdruck, 32% sind \u00fcbergewichtig, 14% adip\u00f6s sowie 600.000 Menschen sind an Diabetes erkrankt. Gesch\u00e4tzte 400.000 Menschen leiden an COPD, 17% leiden an entz\u00fcndlich-rheumatischen Erkrankungen mit St\u00f6rungen des Immunsystems und verwenden in vielen F\u00e4llen immunschw\u00e4chende Medikamente. Diese Menschen, einschlie\u00dflich junge und Berufst\u00e4tige, fallen somit in die Risikogruppe eines schweren Verlaufs einer COVID-19-Infektion.<\/p>\n\n\t\t<\/div> \n\t<\/div> \n\t\t<\/div> \n\t<\/div> \n<\/div><\/div><div class=\"block-area stripe wpb_row default with-border vc_row-fluid\"><div class=\"container clearfix\">\n\t<div class=\"vc_col-sm-12 wpb_column column_container\" style=\"\">\n\t\t<div class=\"wpb_wrapper\">\n\t\t\t<div class=\"gap\" style=\"line-height: 60px; height: 60px;\"><\/div>\n\t\t<\/div> \n\t<\/div> \n<\/div><\/div><div class=\"block-area stripe wpb_row default with-border vc_row-fluid\"><div class=\"container clearfix\">\n\t<div class=\"vc_col-sm-12 wpb_column column_container\" style=\"\">\n\t\t<div class=\"wpb_wrapper\">\n\t\t\t<div class=\"vc_separator wpb_content_element vc_separator_align_center vc_sep_width_100 vc_sep_pos_align_center vc_sep_color_grey vc_separator-has-text\" ><span class=\"vc_sep_holder vc_sep_holder_l\"><span class=\"vc_sep_line\"><\/span><\/span><h4>Was wir bereits wissen<\/h4><span class=\"vc_sep_holder vc_sep_holder_r\"><span class=\"vc_sep_line\"><\/span><\/span>\n<\/div>\n\t\t<\/div> \n\t<\/div> \n<\/div><\/div><div class=\"block-area stripe wpb_row default with-border vc_row-fluid\"><div class=\"container clearfix\">\n\t<div class=\"vc_col-sm-12 wpb_column column_container\" style=\"\">\n\t\t<div class=\"wpb_wrapper\">\n\t\t\t\n\t<div class=\"wpb_text_column wpb_content_element\">\n\t\t<div class=\"wpb_wrapper\">\n\t\t\t<p>Wie andere Coronaviren ist SARS-CoV-2 vor allem fu\u0308r alte Menschen oder Menschen mit relevanten Begleiterkrankungen gef\u00e4hrlich. Nichtsdestotrotz k\u00f6nnen sich auch Menschen au\u00dferhalb dieser Risikogruppen infizieren. Deswegen ist es wichtig das Virus zu verstehen, um sich vor Infektionen zu schu\u0308tzen und sinnvolle pr\u00e4ventive Ma\u00dfnahmen setzen zu k\u00f6nnen.<\/p>\n<p>Nach MERS und SARS stellt die durch das neue Coronavirus (SARS-CoV-2) hervorgerufene Atemwegserkrankung COVID-19 die Dritte durch Coronaviren (CoV) ausgel\u00f6ste Epidemie im 21. Jahrhundert dar. W\u00e4hrend bei MERS und SARS meist schon eine im Kindesalter erworbene Grundimmunit\u00e4t besteht, trifft das neue Coronavirus auf eine v\u00f6llig unvorbereitete Bev\u00f6lkerung, was dazu fu\u0308hren kann, dass deutlich mehr Menschen als bei anderen bekannten Coronaviren infiziert werden und erkranken.<\/p>\n<p>Als die COVID-19-F\u00e4lle au\u00dferhalb Chinas um das 13-fache anstiegen und sich die Zahl der betroffenen L\u00e4nder verdreifachte, wurde COVID-19 am 11.M\u00e4rz 2020 von der Weltgesundheitsorganisation (WHO) zu einer Pandemie erkl\u00e4rt.<\/p>\n<p>W\u00e4hrend bei jungen Menschen Infektionen meist symptomlos oder mild verlaufen, liegt das Risiko von schweren Krankheitsbildern vor allem bei \u00c4lteren und Personen mit Komorbidit\u00e4ten wesentlich h\u00f6her.<\/p>\n\n\t\t<\/div> \n\t<\/div> \n\t\t<\/div> \n\t<\/div> \n<\/div><\/div><div class=\"block-area stripe wpb_row default with-border vc_row-fluid\"><div class=\"container clearfix\">\n\t<div class=\"vc_col-sm-12 wpb_column column_container\" style=\"\">\n\t\t<div class=\"wpb_wrapper\">\n\t\t\t<div class=\"gap\" style=\"line-height: 60px; height: 60px;\"><\/div>\n\t\t<\/div> \n\t<\/div> \n<\/div><\/div><div class=\"block-area stripe wpb_row default with-border vc_row-fluid\"><div class=\"container clearfix\">\n\t<div class=\"vc_col-sm-12 wpb_column column_container\" style=\"\">\n\t\t<div class=\"wpb_wrapper\">\n\t\t\t<div class=\"vc_separator wpb_content_element vc_separator_align_center vc_sep_width_100 vc_sep_pos_align_center vc_sep_color_grey vc_separator-has-text\" ><span class=\"vc_sep_holder vc_sep_holder_l\"><span class=\"vc_sep_line\"><\/span><\/span><h4>Was passiert im K\u00f6rper?<\/h4><span class=\"vc_sep_holder vc_sep_holder_r\"><span class=\"vc_sep_line\"><\/span><\/span>\n<\/div>\n\t\t<\/div> \n\t<\/div> \n<\/div><\/div><div class=\"block-area stripe wpb_row default with-border vc_row-fluid\"><div class=\"container clearfix\">\n\t<div class=\"vc_col-sm-6 wpb_column column_container\" style=\"\">\n\t\t<div class=\"wpb_wrapper\">\n\t\t\t\n\t<div class=\"wpb_text_column wpb_content_element\">\n\t\t<div class=\"wpb_wrapper\">\n\t\t\t<p>Die Inkubationszeit einer SARS-CoV-2-Infektion betr\u00e4gt bis zu 14 Tage, w\u00e4hrend dieser infizierte Personen ansteckend sind, auch wenn sie selbst keine Symptome zeigen. Diese Eigenschaft beg\u00fcnstigt eine rasche Ausbreitung. Symptome k\u00f6nnen Fieber, trockener Husten und Muskelschmerzen, z.T. auch allgemeine Mu\u0308digkeit oder Durchfall sein. In schweren F\u00e4llen kann sich eine Lungenentzu\u0308ndung entwickeln, die eine intensive medizinische Betreuung erforderlich macht.<\/p>\n<p>Infektionen mit SARS-COV-2 verbreiten sich u\u0308ber eine Tr\u00f6pfcheninfektion. Das Virus wird in Sekreten von Nase und Rachen, aber auch im Speichel, in Tr\u00e4nenflu\u0308ssigkeit und im Stuhl nachgewiesen. Die Krankheitsverl\u00e4ufe sind sehr unterschiedlich und das Virus sehr infekti\u00f6s. Deswegen reicht es nicht aus, nur klinisch auff\u00e4llige Personen fu\u0308r Quarant\u00e4nema\u00dfnahmen zu isolieren. Menschen, die sich mit dem neuen Coronavirus infiziert haben k\u00f6nnten, mu\u0308ssen ebenfalls getestet und isoliert werden. Fu\u0308r diese Testungen eigenen sich, wie bei anderen Infektionskrankheiten, qPCR-basierte oder serologische Testverfahren wie der SARS-CoV-2-qPCR Direktnachweis von Biovis.<\/p>\n\n\t\t<\/div> \n\t<\/div> \n\t\t<\/div> \n\t<\/div> \n\n\t<div class=\"vc_col-sm-6 wpb_column column_container\" style=\"\">\n\t\t<div class=\"wpb_wrapper\">\n\t\t\t\n\t<div class=\"wpb_single_image_wrapper center\"><div class=\"wpb_single_image wpb_content_element\">\n\t\t<div class=\"wpb_wrapper\">\n\t\t\t\n\t\t\t<div class=\"single_image_wrapper box-item\"><img width=\"1500\" height=\"1000\" src=\"https:\/\/salutologie.org\/wp-content\/uploads\/2020\/05\/cdc-w9KEokhajKw-unsplash-15x1-1.jpg\" class=\"attachment-full\" alt=\"\" decoding=\"async\" loading=\"lazy\" srcset=\"https:\/\/salutologie.org\/wp-content\/uploads\/2020\/05\/cdc-w9KEokhajKw-unsplash-15x1-1.jpg 1500w, https:\/\/salutologie.org\/wp-content\/uploads\/2020\/05\/cdc-w9KEokhajKw-unsplash-15x1-1-300x200.jpg 300w, https:\/\/salutologie.org\/wp-content\/uploads\/2020\/05\/cdc-w9KEokhajKw-unsplash-15x1-1-1024x683.jpg 1024w, https:\/\/salutologie.org\/wp-content\/uploads\/2020\/05\/cdc-w9KEokhajKw-unsplash-15x1-1-768x512.jpg 768w, https:\/\/salutologie.org\/wp-content\/uploads\/2020\/05\/cdc-w9KEokhajKw-unsplash-15x1-1-600x400.jpg 600w, https:\/\/salutologie.org\/wp-content\/uploads\/2020\/05\/cdc-w9KEokhajKw-unsplash-15x1-1-900x600.jpg 900w, https:\/\/salutologie.org\/wp-content\/uploads\/2020\/05\/cdc-w9KEokhajKw-unsplash-15x1-1-1200x800.jpg 1200w\" sizes=\"(max-width: 1500px) 100vw, 1500px\" \/><\/div>\n\t\t<\/div> \n\t<\/div><\/div> \n\t\t<\/div> \n\t<\/div> \n<\/div><\/div><div class=\"block-area stripe wpb_row default with-border vc_row-fluid\"><div class=\"container clearfix\">\n\t<div class=\"vc_col-sm-12 wpb_column column_container\" style=\"\">\n\t\t<div class=\"wpb_wrapper\">\n\t\t\t<div class=\"gap\" style=\"line-height: 60px; height: 60px;\"><\/div>\n\t\t<\/div> \n\t<\/div> \n<\/div><\/div><div class=\"block-area stripe wpb_row default with-border vc_row-fluid\"><div class=\"container clearfix\">\n\t<div class=\"vc_col-sm-12 wpb_column column_container\" style=\"\">\n\t\t<div class=\"wpb_wrapper\">\n\t\t\t<div class=\"vc_separator wpb_content_element vc_separator_align_center vc_sep_width_100 vc_sep_pos_align_center vc_sep_color_grey vc_separator-has-text\" ><span class=\"vc_sep_holder vc_sep_holder_l\"><span class=\"vc_sep_line\"><\/span><\/span><h4>Wie kann ich meine eigene Risikosituation erkennen?<\/h4><span class=\"vc_sep_holder vc_sep_holder_r\"><span class=\"vc_sep_line\"><\/span><\/span>\n<\/div>\n\t\t<\/div> \n\t<\/div> \n<\/div><\/div><div class=\"block-area stripe wpb_row default with-border vc_row-fluid\"><div class=\"container clearfix\">\n\t<div class=\"vc_col-sm-12 wpb_column column_container\" style=\"\">\n\t\t<div class=\"wpb_wrapper\">\n\t\t\t\n\t<div class=\"wpb_text_column wpb_content_element\">\n\t\t<div class=\"wpb_wrapper\">\n\t\t\t<p>Die eigene Risikosituation kann mit einem Direktnachweis einer akuten Infektion oder einem\u00a0 Nachweis einer zuru\u0308ckliegenden Infektion erkannt werden.<\/p>\n\n\t\t<\/div> \n\t<\/div> \n\t\t<\/div> \n\t<\/div> \n<\/div><\/div><div class=\"block-area stripe wpb_row default with-border vc_row-fluid\"><div class=\"container clearfix\">\n\t<div class=\"vc_col-sm-12 wpb_column column_container\" style=\"\">\n\t\t<div class=\"wpb_wrapper\">\n\t\t\t<div class=\"gap\" style=\"line-height: 60px; height: 60px;\"><\/div>\n\t\t<\/div> \n\t<\/div> \n<\/div><\/div><div class=\"block-area stripe wpb_row default with-border vc_row-fluid\"><div class=\"container clearfix\">\n\t<div class=\"vc_col-sm-12 wpb_column column_container\" style=\"\">\n\t\t<div class=\"wpb_wrapper\">\n\t\t\t<div class=\"vc_separator wpb_content_element vc_separator_align_center vc_sep_width_100 vc_sep_pos_align_center vc_sep_color_grey vc_separator-has-text\" ><span class=\"vc_sep_holder vc_sep_holder_l\"><span class=\"vc_sep_line\"><\/span><\/span><h4>Der Direktnachweis f\u00fcr akute Infektion durch PCR<\/h4><span class=\"vc_sep_holder vc_sep_holder_r\"><span class=\"vc_sep_line\"><\/span><\/span>\n<\/div>\n\t\t<\/div> \n\t<\/div> \n<\/div><\/div><div class=\"block-area stripe wpb_row default with-border vc_row-fluid\"><div class=\"container clearfix\">\n\t<div class=\"vc_col-sm-12 wpb_column column_container\" style=\"\">\n\t\t<div class=\"wpb_wrapper\">\n\t\t\t\n\t<div class=\"wpb_text_column wpb_content_element\">\n\t\t<div class=\"wpb_wrapper\">\n\t\t\t<p>Die PCR-Technologie spielt insbesondere in der fru\u0308hen Phase einer Virusinfektion eine wichtige Rolle. In dieser Phase vermehren sich Viren stark. Patienten mit COVID-19-Infektionen beispielsweise sind 1-2 Tage vor Ausbruch der Symptome infektio\u0308s. Positive Direktnachweise von SARS-CoV-2 aus Nasen- oder Rachenabstrichen sind bereits in den ersten 5 Krankheitstagen mo\u0308glich. Infizierte sind dadurch fru\u0308h zu erkennen und Infektionsketten ko\u0308nnen unterbrochen werden. Ein Nachweis von IgM-Antiko\u0308rpern erfolgt meist erst nach 5-6 Tagen. Fu\u0308r den Test wird nur ein Nasen-Rachenabstrich ben\u00f6tigt.<\/p>\n\n\t\t<\/div> \n\t<\/div> \n\t\t<\/div> \n\t<\/div> \n<\/div><\/div><div class=\"block-area stripe wpb_row default with-border vc_row-fluid\"><div class=\"container clearfix\">\n\t<div class=\"vc_col-sm-12 wpb_column column_container\" style=\"\">\n\t\t<div class=\"wpb_wrapper\">\n\t\t\t<div class=\"gap\" style=\"line-height: 60px; height: 60px;\"><\/div>\n\t\t<\/div> \n\t<\/div> \n<\/div><\/div><div class=\"block-area stripe wpb_row default with-border vc_row-fluid\"><div class=\"container clearfix\">\n\t<div class=\"vc_col-sm-12 wpb_column column_container\" style=\"\">\n\t\t<div class=\"wpb_wrapper\">\n\t\t\t<div class=\"vc_separator wpb_content_element vc_separator_align_center vc_sep_width_100 vc_sep_pos_align_center vc_sep_color_grey vc_separator-has-text\" ><span class=\"vc_sep_holder vc_sep_holder_l\"><span class=\"vc_sep_line\"><\/span><\/span><h4>Der Nachweis f\u00fcr zur\u00fcckliegende Infektion durch IgM- oder IgG-Antiko\u0308rpern<\/h4><span class=\"vc_sep_holder vc_sep_holder_r\"><span class=\"vc_sep_line\"><\/span><\/span>\n<\/div>\n\t\t<\/div> \n\t<\/div> \n<\/div><\/div><div class=\"block-area stripe wpb_row default with-border vc_row-fluid\"><div class=\"container clearfix\">\n\t<div class=\"vc_col-sm-12 wpb_column column_container\" style=\"\">\n\t\t<div class=\"wpb_wrapper\">\n\t\t\t\n\t<div class=\"wpb_text_column wpb_content_element\">\n\t\t<div class=\"wpb_wrapper\">\n\t\t\t<p>Der Nachweistest von IgM- oder IgG-Antik\u00f6rpern ermo\u0308glicht die Aussage, ob Menschen eine SARS-CoV-2 Infektion durchgemacht haben oder nicht. Wenn bereits eine Immunreaktion auf den Erreger erfolgt ist, sprechen Antiko\u0308rpernachweise fu\u0308r eine vorhandene Immunita\u0308t und damit ein geringes Risiko fu\u0308r eine erneute Infektion.<\/p>\n<p>Fu\u0308r viele Bereiche des Berufs- und Soziallebens, wie f\u00fcr Mitarbeiter in Krankenha\u0308usern, Praxen oder Pflegeeinrichtungen, ist diese Aussage sehr wichtig.<\/p>\n<p>IgM-Antiko\u0308rper sind die erste Immunantwort des Ko\u0308rpers auf eine virale Infektion und werden als Antwort auf das Virus-Antigen produziert. IgM-Antiko\u0308rper sind prima\u0308r wa\u0308hrend des fru\u0308hen Krankheitsverlaufs vorhanden und dienen als Nachweis einer Infektion mit dem SARS-CoV-2 oder einer COVID-19 Erkrankung. Mit einem positiven IgM-Anti- ko\u0308rper-Nachweis ist im Mittel von etwa 5-6 Tage nach Infektion zu rechnen.<\/p>\n<p>Auch IgG-Antiko\u0308rper werden als Reaktion auf das Virus-Antigen gebildet und dienen als Langzeitnachweis einer Infektion mit SARS-CoV-2. Nachweisbar sind sie i.d.R. nach 6-14 Tagen. Ein IgG-AK-Nachweis spricht fu\u0308r eine zuru\u0308ckliegende SARS-CoV- 2-Infektion und geht nach heutigem Versta\u0308ndnis mit einer mehrja\u0308hrigen Immunita\u0308t einhergeht.<\/p>\n<p>IgM-Nachweise zeigen sich im Median 5 Tage nach Symptombeginn (IQR 3-6 Tage). \u00c4hnlich verhalten sich IgA-Antik\u00f6rper. IgG-Antik\u00f6rper sind deutlich sp\u00e4ter nachweisbar. Der Median nach Einsetzen der Beschwerden liegt hier bei 14 Tagen (IQR 10-18).<\/p>\n<p>&nbsp;<\/p>\n<p><a href=\"https:\/\/chronoinstitut.org\/wp-content\/uploads\/2020\/02\/Biovis_SARS-CoV-2_DE.pdf\" target=\"_blank\" rel=\"noopener noreferrer\">Quelle: Biovis Fachinformation 04\/20<\/a><\/p>\n\n\t\t<\/div> \n\t<\/div> \n\t\t<\/div> \n\t<\/div> \n<\/div><\/div><div class=\"block-area stripe wpb_row default with-border vc_row-fluid\"><div class=\"container clearfix\">\n\t<div class=\"vc_col-sm-12 wpb_column column_container\" style=\"\">\n\t\t<div class=\"wpb_wrapper\">\n\t\t\t<div class=\"gap\" style=\"line-height: 60px; height: 60px;\"><\/div>\n\t\t<\/div> \n\t<\/div> \n<\/div><\/div><div class=\"block-area stripe wpb_row default with-border vc_row-fluid\"><div class=\"container clearfix\">\n\t<div class=\"vc_col-sm-12 wpb_column column_container\" style=\"\">\n\t\t<div class=\"wpb_wrapper\">\n\t\t\t<span class=\"btn-area wpb_button_custom center\"><a class=\"btn default\" title=\"Jetzt Bestellen\" href=\"https:\/\/chronoinstitut.org\/wp-content\/uploads\/2020\/05\/CORONA-PREVENT-Angebot-2.pdf\" target=\"_self\">Angebot und Preisliste<\/a><\/span>\n\t\t<\/div> \n\t<\/div> \n<\/div><\/div><div class=\"block-area stripe wpb_row default with-border vc_row-fluid\"><div class=\"container clearfix\">\n\t<div class=\"vc_col-sm-12 wpb_column column_container\" style=\"\">\n\t\t<div class=\"wpb_wrapper\">\n\t\t\t<span class=\"btn-area wpb_button_custom center\"><a class=\"btn default\" title=\"Jetzt CORONA PREVENT Test Set bestellen\" href=\"https:\/\/chronoinstitut.org\/kontakt\" target=\"_self\">Jetzt CORONA PREVENT Test Set bestellen<\/a><\/span>\n\t\t<\/div> \n\t<\/div> \n<\/div><\/div><div class=\"block-area stripe wpb_row default with-border vc_row-fluid\"><div class=\"container clearfix\">\n\t<div class=\"vc_col-sm-12 wpb_column column_container\" style=\"\">\n\t\t<div class=\"wpb_wrapper\">\n\t\t\t<div class=\"gap\" style=\"line-height: 60px; height: 60px;\"><\/div>\n\t\t<\/div> \n\t<\/div> \n<\/div><\/div><div class=\"block-area stripe wpb_row default with-border vc_row-fluid\"><div class=\"container clearfix\">\n\t<div class=\"vc_col-sm-6 wpb_column column_container\" style=\"\">\n\t\t<div class=\"wpb_wrapper\">\n\t\t\t\n\t<div class=\"wpb_single_image_wrapper center\"><div class=\"wpb_single_image wpb_content_element\">\n\t\t<div class=\"wpb_wrapper\">\n\t\t\t\n\t\t\t<div class=\"single_image_wrapper box-item\"><img width=\"240\" height=\"242\" src=\"https:\/\/salutologie.org\/wp-content\/uploads\/2020\/01\/Dr.-Henning-Sartor.jpeg\" class=\"attachment-full\" alt=\"\" decoding=\"async\" loading=\"lazy\" srcset=\"https:\/\/salutologie.org\/wp-content\/uploads\/2020\/01\/Dr.-Henning-Sartor.jpeg 240w, https:\/\/salutologie.org\/wp-content\/uploads\/2020\/01\/Dr.-Henning-Sartor-150x150.jpeg 150w\" sizes=\"(max-width: 240px) 100vw, 240px\" \/><\/div>\n\t\t<\/div> \n\t<\/div><\/div> \n\t\t<\/div> \n\t<\/div> \n\n\t<div class=\"vc_col-sm-6 wpb_column column_container\" style=\"\">\n\t\t<div class=\"wpb_wrapper\">\n\t\t\t\n\t<div class=\"wpb_text_column wpb_content_element\">\n\t\t<div class=\"wpb_wrapper\">\n\t\t\t<p><strong>Dr.med. Henning Sartor<\/strong><\/p>\n<p>Facharzt f\u00fcr An\u00e4sthesiologie, Facharzt f\u00fcr Allgemeinmedizin, Facharzt f\u00fcr Orthomolekulare Medizin, Fach-Referent f\u00fcr das Institut BIOVIS, Diplom f\u00fcr moderne F.X. Mayr-Medizin, Vorstandsmitglied der Internationalen Gesellschaft der Mayr-\u00c4rzte<\/p>\n<p>Privatpraxis und \u00e4rztlicher Leiter des Gesundheitshotels Spanberger, \u00e4rztlicher Leiter des Bergm\u00fcller-Instituts Wien.<\/p>\n<p>Medizinischer Berater des Instituts f\u00fcr ChronoPsychologie und ChronoMedizin, Facharzt f\u00fcr An\u00e4sthesiologie, Facharzt f\u00fcr Allgemeinmedizin, Facharzt f\u00fcr Orthomolekulare Medizin.<\/p>\n<p><a href=\"https:\/\/chronoinstitut.org\/team-member\/henning-sartor\/\" target=\"_blank\" rel=\"noopener noreferrer\">Weiterlesen<\/a><\/p>\n\n\t\t<\/div> \n\t<\/div> \n\t\t<\/div> \n\t<\/div> \n<\/div><\/div>\n<\/section>","protected":false},"excerpt":{"rendered":"<p>COVID-19 als Chance nutzen!<\/p>","protected":false},"author":1,"featured_media":2135,"comment_status":"closed","ping_status":"open","sticky":false,"template":"","format":"standard","meta":{"footnotes":""},"categories":[15],"tags":[],"yoast_head":"<!-- This site is optimized with the Yoast SEO plugin v22.6 - https:\/\/yoast.com\/wordpress\/plugins\/seo\/ -->\n<title>Das Risiko von COVID-19 - Universit\u00e4t f\u00fcr Salutologie\u00ae<\/title>\n<meta name=\"robots\" content=\"index, follow, max-snippet:-1, max-image-preview:large, max-video-preview:-1\" \/>\n<link rel=\"canonical\" href=\"https:\/\/salutologie.org\/en\/das-risiko-von-covid-19\/?lang=en\" \/>\n<meta property=\"og:locale\" content=\"en_GB\" \/>\n<meta property=\"og:type\" content=\"article\" \/>\n<meta property=\"og:title\" content=\"Das Risiko von COVID-19 - Universit\u00e4t f\u00fcr Salutologie\u00ae\" \/>\n<meta property=\"og:description\" content=\"COVID-19 als Chance nutzen!\" \/>\n<meta property=\"og:url\" content=\"https:\/\/salutologie.org\/en\/das-risiko-von-covid-19\/?lang=en\" \/>\n<meta property=\"og:site_name\" content=\"Universit\u00e4t f\u00fcr Salutologie\u00ae\" \/>\n<meta property=\"article:published_time\" content=\"2020-05-27T16:31:48+00:00\" \/>\n<meta property=\"article:modified_time\" content=\"2020-06-17T05:55:25+00:00\" \/>\n<meta property=\"og:image\" content=\"https:\/\/salutologie.org\/wp-content\/uploads\/2020\/05\/Artikel-3-15x5-1.jpg\" \/>\n\t<meta property=\"og:image:width\" content=\"1500\" \/>\n\t<meta property=\"og:image:height\" content=\"500\" \/>\n\t<meta property=\"og:image:type\" content=\"image\/jpeg\" \/>\n<meta name=\"author\" content=\"wp-admin\" \/>\n<meta name=\"twitter:card\" content=\"summary_large_image\" \/>\n<meta name=\"twitter:label1\" content=\"Written by\" \/>\n\t<meta name=\"twitter:data1\" content=\"wp-admin\" \/>\n\t<meta name=\"twitter:label2\" content=\"Estimated reading time\" \/>\n\t<meta name=\"twitter:data2\" content=\"17 minutes\" \/>\n<script type=\"application\/ld+json\" class=\"yoast-schema-graph\">{\"@context\":\"https:\/\/schema.org\",\"@graph\":[{\"@type\":\"WebPage\",\"@id\":\"https:\/\/salutologie.org\/das-risiko-von-covid-19\/?lang=en\",\"url\":\"https:\/\/salutologie.org\/das-risiko-von-covid-19\/?lang=en\",\"name\":\"Das Risiko von COVID-19 - Universit\u00e4t f\u00fcr Salutologie\u00ae\",\"isPartOf\":{\"@id\":\"https:\/\/salutologie.org\/#website\"},\"primaryImageOfPage\":{\"@id\":\"https:\/\/salutologie.org\/das-risiko-von-covid-19\/?lang=en#primaryimage\"},\"image\":{\"@id\":\"https:\/\/salutologie.org\/das-risiko-von-covid-19\/?lang=en#primaryimage\"},\"thumbnailUrl\":\"https:\/\/salutologie.org\/wp-content\/uploads\/2020\/05\/Artikel-3-15x5-1.jpg\",\"datePublished\":\"2020-05-27T16:31:48+00:00\",\"dateModified\":\"2020-06-17T05:55:25+00:00\",\"author\":{\"@id\":\"https:\/\/salutologie.org\/#\/schema\/person\/828e3d339c739b762a4294433c05a9ce\"},\"breadcrumb\":{\"@id\":\"https:\/\/salutologie.org\/das-risiko-von-covid-19\/?lang=en#breadcrumb\"},\"inLanguage\":\"en-GB\",\"potentialAction\":[{\"@type\":\"ReadAction\",\"target\":[\"https:\/\/salutologie.org\/das-risiko-von-covid-19\/?lang=en\"]}]},{\"@type\":\"ImageObject\",\"inLanguage\":\"en-GB\",\"@id\":\"https:\/\/salutologie.org\/das-risiko-von-covid-19\/?lang=en#primaryimage\",\"url\":\"https:\/\/salutologie.org\/wp-content\/uploads\/2020\/05\/Artikel-3-15x5-1.jpg\",\"contentUrl\":\"https:\/\/salutologie.org\/wp-content\/uploads\/2020\/05\/Artikel-3-15x5-1.jpg\",\"width\":1500,\"height\":500},{\"@type\":\"BreadcrumbList\",\"@id\":\"https:\/\/salutologie.org\/das-risiko-von-covid-19\/?lang=en#breadcrumb\",\"itemListElement\":[{\"@type\":\"ListItem\",\"position\":1,\"name\":\"Startseite\",\"item\":\"https:\/\/salutologie.org\/\"},{\"@type\":\"ListItem\",\"position\":2,\"name\":\"Das Risiko von COVID-19\"}]},{\"@type\":\"WebSite\",\"@id\":\"https:\/\/salutologie.org\/#website\",\"url\":\"https:\/\/salutologie.org\/\",\"name\":\"Universit\u00e4t f\u00fcr Salutologie\u00ae\",\"description\":\"Universit\u00e4t f\u00fcr Salutologie\u00ae\",\"potentialAction\":[{\"@type\":\"SearchAction\",\"target\":{\"@type\":\"EntryPoint\",\"urlTemplate\":\"https:\/\/salutologie.org\/?s={search_term_string}\"},\"query-input\":\"required name=search_term_string\"}],\"inLanguage\":\"en-GB\"},{\"@type\":\"Person\",\"@id\":\"https:\/\/salutologie.org\/#\/schema\/person\/828e3d339c739b762a4294433c05a9ce\",\"name\":\"wp-admin\",\"image\":{\"@type\":\"ImageObject\",\"inLanguage\":\"en-GB\",\"@id\":\"https:\/\/salutologie.org\/#\/schema\/person\/image\/\",\"url\":\"http:\/\/1.gravatar.com\/avatar\/d9646857442a8843a3b62a0dda760756?s=96&d=mm&r=g\",\"contentUrl\":\"http:\/\/1.gravatar.com\/avatar\/d9646857442a8843a3b62a0dda760756?s=96&d=mm&r=g\",\"caption\":\"wp-admin\"},\"url\":\"http:\/\/salutologie.org\/en\/author\/wp-admin\/\"}]}<\/script>\n<!-- \/ Yoast SEO plugin. -->","yoast_head_json":{"title":"Das Risiko von COVID-19 - Universit\u00e4t f\u00fcr Salutologie\u00ae","robots":{"index":"index","follow":"follow","max-snippet":"max-snippet:-1","max-image-preview":"max-image-preview:large","max-video-preview":"max-video-preview:-1"},"canonical":"https:\/\/salutologie.org\/en\/das-risiko-von-covid-19\/?lang=en","og_locale":"en_GB","og_type":"article","og_title":"Das Risiko von COVID-19 - Universit\u00e4t f\u00fcr Salutologie\u00ae","og_description":"COVID-19 als Chance nutzen!","og_url":"https:\/\/salutologie.org\/en\/das-risiko-von-covid-19\/?lang=en","og_site_name":"Universit\u00e4t f\u00fcr Salutologie\u00ae","article_published_time":"2020-05-27T16:31:48+00:00","article_modified_time":"2020-06-17T05:55:25+00:00","og_image":[{"width":1500,"height":500,"url":"https:\/\/salutologie.org\/wp-content\/uploads\/2020\/05\/Artikel-3-15x5-1.jpg","type":"image\/jpeg"}],"author":"wp-admin","twitter_card":"summary_large_image","twitter_misc":{"Written by":"wp-admin","Estimated reading time":"17 minutes"},"schema":{"@context":"https:\/\/schema.org","@graph":[{"@type":"WebPage","@id":"https:\/\/salutologie.org\/das-risiko-von-covid-19\/?lang=en","url":"https:\/\/salutologie.org\/das-risiko-von-covid-19\/?lang=en","name":"Das Risiko von COVID-19 - Universit\u00e4t f\u00fcr Salutologie\u00ae","isPartOf":{"@id":"https:\/\/salutologie.org\/#website"},"primaryImageOfPage":{"@id":"https:\/\/salutologie.org\/das-risiko-von-covid-19\/?lang=en#primaryimage"},"image":{"@id":"https:\/\/salutologie.org\/das-risiko-von-covid-19\/?lang=en#primaryimage"},"thumbnailUrl":"https:\/\/salutologie.org\/wp-content\/uploads\/2020\/05\/Artikel-3-15x5-1.jpg","datePublished":"2020-05-27T16:31:48+00:00","dateModified":"2020-06-17T05:55:25+00:00","author":{"@id":"https:\/\/salutologie.org\/#\/schema\/person\/828e3d339c739b762a4294433c05a9ce"},"breadcrumb":{"@id":"https:\/\/salutologie.org\/das-risiko-von-covid-19\/?lang=en#breadcrumb"},"inLanguage":"en-GB","potentialAction":[{"@type":"ReadAction","target":["https:\/\/salutologie.org\/das-risiko-von-covid-19\/?lang=en"]}]},{"@type":"ImageObject","inLanguage":"en-GB","@id":"https:\/\/salutologie.org\/das-risiko-von-covid-19\/?lang=en#primaryimage","url":"https:\/\/salutologie.org\/wp-content\/uploads\/2020\/05\/Artikel-3-15x5-1.jpg","contentUrl":"https:\/\/salutologie.org\/wp-content\/uploads\/2020\/05\/Artikel-3-15x5-1.jpg","width":1500,"height":500},{"@type":"BreadcrumbList","@id":"https:\/\/salutologie.org\/das-risiko-von-covid-19\/?lang=en#breadcrumb","itemListElement":[{"@type":"ListItem","position":1,"name":"Startseite","item":"https:\/\/salutologie.org\/"},{"@type":"ListItem","position":2,"name":"Das Risiko von COVID-19"}]},{"@type":"WebSite","@id":"https:\/\/salutologie.org\/#website","url":"https:\/\/salutologie.org\/","name":"Universit\u00e4t f\u00fcr Salutologie\u00ae","description":"Universit\u00e4t f\u00fcr Salutologie\u00ae","potentialAction":[{"@type":"SearchAction","target":{"@type":"EntryPoint","urlTemplate":"https:\/\/salutologie.org\/?s={search_term_string}"},"query-input":"required name=search_term_string"}],"inLanguage":"en-GB"},{"@type":"Person","@id":"https:\/\/salutologie.org\/#\/schema\/person\/828e3d339c739b762a4294433c05a9ce","name":"wp-admin","image":{"@type":"ImageObject","inLanguage":"en-GB","@id":"https:\/\/salutologie.org\/#\/schema\/person\/image\/","url":"http:\/\/1.gravatar.com\/avatar\/d9646857442a8843a3b62a0dda760756?s=96&d=mm&r=g","contentUrl":"http:\/\/1.gravatar.com\/avatar\/d9646857442a8843a3b62a0dda760756?s=96&d=mm&r=g","caption":"wp-admin"},"url":"http:\/\/salutologie.org\/en\/author\/wp-admin\/"}]}},"_links":{"self":[{"href":"http:\/\/salutologie.org\/en\/wp-json\/wp\/v2\/posts\/2083"}],"collection":[{"href":"http:\/\/salutologie.org\/en\/wp-json\/wp\/v2\/posts"}],"about":[{"href":"http:\/\/salutologie.org\/en\/wp-json\/wp\/v2\/types\/post"}],"author":[{"embeddable":true,"href":"http:\/\/salutologie.org\/en\/wp-json\/wp\/v2\/users\/1"}],"replies":[{"embeddable":true,"href":"http:\/\/salutologie.org\/en\/wp-json\/wp\/v2\/comments?post=2083"}],"version-history":[{"count":34,"href":"http:\/\/salutologie.org\/en\/wp-json\/wp\/v2\/posts\/2083\/revisions"}],"predecessor-version":[{"id":2641,"href":"http:\/\/salutologie.org\/en\/wp-json\/wp\/v2\/posts\/2083\/revisions\/2641"}],"wp:featuredmedia":[{"embeddable":true,"href":"http:\/\/salutologie.org\/en\/wp-json\/wp\/v2\/media\/2135"}],"wp:attachment":[{"href":"http:\/\/salutologie.org\/en\/wp-json\/wp\/v2\/media?parent=2083"}],"wp:term":[{"taxonomy":"category","embeddable":true,"href":"http:\/\/salutologie.org\/en\/wp-json\/wp\/v2\/categories?post=2083"},{"taxonomy":"post_tag","embeddable":true,"href":"http:\/\/salutologie.org\/en\/wp-json\/wp\/v2\/tags?post=2083"}],"curies":[{"name":"wp","href":"https:\/\/api.w.org\/{rel}","templated":true}]}}