{"id":2151,"date":"2020-05-27T21:16:14","date_gmt":"2020-05-27T19:16:14","guid":{"rendered":"https:\/\/chronoinstitut.org\/?p=2151"},"modified":"2020-06-22T10:35:38","modified_gmt":"2020-06-22T08:35:38","slug":"praeventive-massnahmen","status":"publish","type":"post","link":"http:\/\/salutologie.org\/en\/praeventive-massnahmen\/","title":{"rendered":"Pr\u00e4ventive Ma\u00dfnahmen"},"content":{"rendered":"<section class=\"wpb-content-wrapper\"><div class=\"block-area stripe wpb_row default with-border vc_row-fluid\"><div class=\"container clearfix\">\n\t<div class=\"vc_col-sm-12 wpb_column column_container\" style=\"\">\n\t\t<div class=\"wpb_wrapper\">\n\t\t\t<div class=\"vc_separator wpb_content_element vc_separator_align_center vc_sep_width_100 vc_sep_pos_align_center vc_sep_color_grey vc_separator-has-text\" ><span class=\"vc_sep_holder vc_sep_holder_l\"><span class=\"vc_sep_line\"><\/span><\/span><h4>Wie Sie die Risiken von COVID-19 als Chance nutzen k\u00f6nnen<\/h4><span class=\"vc_sep_holder vc_sep_holder_r\"><span class=\"vc_sep_line\"><\/span><\/span>\n<\/div>\n\t\t<\/div> \n\t<\/div> \n<\/div><\/div><div class=\"block-area stripe wpb_row default with-border vc_row-fluid\"><div class=\"container clearfix\">\n\t<div class=\"vc_col-sm-12 wpb_column column_container\" style=\"\">\n\t\t<div class=\"wpb_wrapper\">\n\t\t\t\n\t<div class=\"wpb_text_column wpb_content_element\">\n\t\t<div class=\"wpb_wrapper\">\n\t\t\t<p>Beruflicher Stress, ungesunder Lebensstil und Vorerkrankungen tragen in hohem Ma\u00dfe dazu bei, an COVID-19 zu erkranken. Tragen Bewegungsmangel, Mangel an Sonnenlicht, Mangel an erholsamen Schlaf, aber auch \u00dcbergewicht, Adipositas und Alkohol dazu bei, das Ansteckungsrisiko zu erh\u00f6hen, so lassen sich durch einfache Ma\u00dfnahmen und ver\u00e4nderten Lebensstil gesundheitliche Risiken deutlich reduzieren.<\/p>\n\n\t\t<\/div> \n\t<\/div> \n\t\t<\/div> \n\t<\/div> \n<\/div><\/div><div class=\"block-area stripe wpb_row default with-border vc_row-fluid\"><div class=\"container clearfix\">\n\t<div class=\"vc_col-sm-12 wpb_column column_container\" style=\"\">\n\t\t<div class=\"wpb_wrapper\">\n\t\t\t<div class=\"gap\" style=\"line-height: 60px; height: 60px;\"><\/div>\n\t\t<\/div> \n\t<\/div> \n<\/div><\/div><div class=\"block-area stripe wpb_row default with-border vc_row-fluid\"><div class=\"container clearfix\">\n\t<div class=\"vc_col-sm-12 wpb_column column_container\" style=\"\">\n\t\t<div class=\"wpb_wrapper\">\n\t\t\t<div class=\"vc_separator wpb_content_element vc_separator_align_center vc_sep_width_100 vc_sep_pos_align_center vc_sep_color_grey vc_separator-has-text\" ><span class=\"vc_sep_holder vc_sep_holder_l\"><span class=\"vc_sep_line\"><\/span><\/span><h4>Das CORONA PREVENT Programm<\/h4><span class=\"vc_sep_holder vc_sep_holder_r\"><span class=\"vc_sep_line\"><\/span><\/span>\n<\/div>\n\t\t<\/div> \n\t<\/div> \n<\/div><\/div><div class=\"block-area stripe wpb_row default with-border vc_row-fluid\"><div class=\"container clearfix\">\n\t<div class=\"vc_col-sm-12 wpb_column column_container\" style=\"\">\n\t\t<div class=\"wpb_wrapper\">\n\t\t\t\n\t<div class=\"wpb_text_column wpb_content_element\">\n\t\t<div class=\"wpb_wrapper\">\n\t\t\t<p>Genau daf\u00fcr hat das Experten-Team des Instituts f\u00fcr ChronoPsychologie und ChronoMedizin an der Sigmund Freud PrivatUniversit\u00e4t Wien das Programm CORONA PREVENT entwickelt, das zeigt, wie Sie jetzt K\u00f6rper, Geist und Familie gegen auftretende Viren in einer sich ver\u00e4ndernden Umwelt st\u00e4rken k\u00f6nnen.<\/p>\n\n\t\t<\/div> \n\t<\/div> \n\t\t<\/div> \n\t<\/div> \n<\/div><\/div><div class=\"block-area stripe wpb_row default with-border vc_row-fluid\"><div class=\"container clearfix\">\n\t<div class=\"vc_col-sm-12 wpb_column column_container\" style=\"\">\n\t\t<div class=\"wpb_wrapper\">\n\t\t\t<div class=\"gap\" style=\"line-height: 50px; height: 50px;\"><\/div>\n\t\t<\/div> \n\t<\/div> \n<\/div><\/div><div class=\"block-area stripe wpb_row default with-border vc_row-fluid\"><div class=\"container clearfix\">\n\t<div class=\"vc_col-sm-12 wpb_column column_container\" style=\"\">\n\t\t<div class=\"wpb_wrapper\">\n\t\t\t\n\t<div class=\"wpb_text_column wpb_content_element\">\n\t\t<div class=\"wpb_wrapper\">\n\t\t\t<p>Dieses Programm f\u00fchrt Sie durch die Fragestellungen:<\/p>\n<ol>\n<li><em>Wie kann ich meine eigene Risikosituation erkennen?<\/em><\/li>\n<li><strong><em>Welche Ma\u00dfnahmen sind f\u00fcr mich sinnvoll?<\/em><\/strong><\/li>\n<li><em>Was muss ich tun um auch in Zukunft gesund zu bleiben?<\/em><\/li>\n<\/ol>\n\n\t\t<\/div> \n\t<\/div> \n\t\t<\/div> \n\t<\/div> \n<\/div><\/div><div class=\"block-area stripe wpb_row default with-border vc_row-fluid\"><div class=\"container clearfix\">\n\t<div class=\"vc_col-sm-12 wpb_column column_container\" style=\"\">\n\t\t<div class=\"wpb_wrapper\">\n\t\t\t<div class=\"gap\" style=\"line-height: 30px; height: 30px;\"><\/div>\n\t\t<\/div> \n\t<\/div> \n<\/div><\/div><div class=\"block-area stripe wpb_row default with-border vc_row-fluid\"><div class=\"container clearfix\">\n\t<div class=\"vc_col-sm-12 wpb_column column_container\" style=\"\">\n\t\t<div class=\"wpb_wrapper\">\n\t\t\t\n\t<div class=\"wpb_text_column wpb_content_element\">\n\t\t<div class=\"wpb_wrapper\">\n\t\t\t<p>Mit diesem Programm wollen wir Sie und Ihre Familien dabei unterst\u00fctzen, gesund durch die Krise zu kommen und dazu noch diese <em>Krise als Chance f\u00fcr Ihre eigene Gesundheit<\/em> zu nutzen!<\/p>\n\n\t\t<\/div> \n\t<\/div> \n\t\t<\/div> \n\t<\/div> \n<\/div><\/div><div class=\"block-area stripe wpb_row default with-border vc_row-fluid\"><div class=\"container clearfix\">\n\t<div class=\"vc_col-sm-12 wpb_column column_container\" style=\"\">\n\t\t<div class=\"wpb_wrapper\">\n\t\t\t<div class=\"gap\" style=\"line-height: 10px; height: 10px;\"><\/div>\n\t\t<\/div> \n\t<\/div> \n<\/div><\/div><div class=\"block-area stripe wpb_row default with-border vc_row-fluid\"><div class=\"container clearfix\">\n\t<div class=\"vc_col-sm-12 wpb_column column_container\" style=\"\">\n\t\t<div class=\"wpb_wrapper\">\n\t\t\t<span class=\"btn-area wpb_button_custom center\"><a class=\"btn default\" title=\"Jetzt CORONA PREVENT buchen\" href=\"https:\/\/chronoinstitut.org\/kontakt\" target=\"_self\">Jetzt CORONA PREVENT buchen<\/a><\/span>\n\t\t<\/div> \n\t<\/div> \n<\/div><\/div><div class=\"block-area stripe wpb_row default with-border vc_row-fluid\"><div class=\"container clearfix\">\n\t<div class=\"vc_col-sm-12 wpb_column column_container\" style=\"\">\n\t\t<div class=\"wpb_wrapper\">\n\t\t\t<div class=\"gap\" style=\"line-height: 60px; height: 60px;\"><\/div>\n\t\t<\/div> \n\t<\/div> \n<\/div><\/div><div class=\"block-area stripe wpb_row default with-border vc_row-fluid\"><div class=\"container clearfix\">\n\t<div class=\"vc_col-sm-12 wpb_column column_container\" style=\"\">\n\t\t<div class=\"wpb_wrapper\">\n\t\t\t<div class=\"vc_separator wpb_content_element vc_separator_align_center vc_sep_width_100 vc_sep_pos_align_center vc_sep_color_grey vc_separator-has-text\" ><span class=\"vc_sep_holder vc_sep_holder_l\"><span class=\"vc_sep_line\"><\/span><\/span><h4>So wichtig ist ein gesunder Lebensstil<\/h4><span class=\"vc_sep_holder vc_sep_holder_r\"><span class=\"vc_sep_line\"><\/span><\/span>\n<\/div>\n\t\t<\/div> \n\t<\/div> \n<\/div><\/div><div class=\"block-area stripe wpb_row default with-border vc_row-fluid\"><div class=\"container clearfix\">\n\t<div class=\"vc_col-sm-12 wpb_column column_container\" style=\"padding-top: 20px;padding-bottom: 20px;\">\n\t\t<div class=\"wpb_wrapper\">\n\t\t\t<div class=\"head-block center\"><div class=\"head\"><h2><\/h2><div class=\"caption\"><p style=\"text-align: center;\">\u201cDie bundesdeutsche Durchschnittskost ist eine Mangelern\u00e4hrung!\u201d<br \/>\nVolker Schmiedel*<\/p>\n<\/div><\/div><\/div>\n\t\t<\/div> \n\t<\/div> \n<\/div><\/div><div class=\"block-area stripe wpb_row default with-border vc_row-fluid\"><div class=\"container clearfix\">\n\t<div class=\"vc_col-sm-6 wpb_column column_container\" style=\"\">\n\t\t<div class=\"wpb_wrapper\">\n\t\t\t\n\t<div class=\"wpb_text_column wpb_content_element\">\n\t\t<div class=\"wpb_wrapper\">\n\t\t\t<p>Im menschlichen K\u00f6rper befinden sich chemische Elemente (Vitamine, Spurenelemente, Hormone, u.v.a.m), welche \u2013 wenn sie in ausreichendem Ma\u00dfe vorhanden sind \u2013 zu einem gesunden Organismus und einem widerstandsf\u00e4higen Immunsystem beitragen. Doch tr\u00e4gt die Ern\u00e4hrung, die Bewegung oder der gesunde Schlaf dazu bei, dass wir diese lebenswichtigen Elemente im K\u00f6rper aufnehmen k\u00f6nnen?<\/p>\n<p>Die Nationale Verzehrstudie II**\u00a0 untersuchte das Essverhalten mehrerer tausend Bundesb\u00fcrger. Diese f\u00fcllten eine Zeit lang Ern\u00e4hrungsprotokolle aus, in denen jedes Getr\u00e4nk und jede Nahrungsaufnahme genau dokumentiert wurde. Das erschreckende Ergebnis: Gro\u00dfe Teile der Bev\u00f6lkerung erf\u00fcllen bez\u00fcglich wichtiger N\u00e4hrstoffe nicht die nach Ansicht vieler orthomolekularer Mediziner ohnehin bescheidenen Vorgaben der Deutschen Gesellschaft f\u00fcr Ern\u00e4hrung e.V. (DGE).<\/p>\n\n\t\t<\/div> \n\t<\/div> \n\t\t<\/div> \n\t<\/div> \n\n\t<div class=\"vc_col-sm-6 wpb_column column_container\" style=\"\">\n\t\t<div class=\"wpb_wrapper\">\n\t\t\t\n\t<div class=\"wpb_single_image_wrapper center\"><div class=\"wpb_single_image wpb_content_element\">\n\t\t<div class=\"wpb_wrapper\">\n\t\t\t\n\t\t\t<div class=\"single_image_wrapper box-item\"><img width=\"1500\" height=\"1000\" src=\"https:\/\/salutologie.org\/wp-content\/uploads\/2020\/05\/antibiotic-blur-cocktail-glass-cocktail-tablets-33248-sm-15x5-1.jpg\" class=\"attachment-full\" alt=\"\" decoding=\"async\" loading=\"lazy\" srcset=\"https:\/\/salutologie.org\/wp-content\/uploads\/2020\/05\/antibiotic-blur-cocktail-glass-cocktail-tablets-33248-sm-15x5-1.jpg 1500w, https:\/\/salutologie.org\/wp-content\/uploads\/2020\/05\/antibiotic-blur-cocktail-glass-cocktail-tablets-33248-sm-15x5-1-300x200.jpg 300w, https:\/\/salutologie.org\/wp-content\/uploads\/2020\/05\/antibiotic-blur-cocktail-glass-cocktail-tablets-33248-sm-15x5-1-1024x683.jpg 1024w, https:\/\/salutologie.org\/wp-content\/uploads\/2020\/05\/antibiotic-blur-cocktail-glass-cocktail-tablets-33248-sm-15x5-1-768x512.jpg 768w, https:\/\/salutologie.org\/wp-content\/uploads\/2020\/05\/antibiotic-blur-cocktail-glass-cocktail-tablets-33248-sm-15x5-1-600x400.jpg 600w, https:\/\/salutologie.org\/wp-content\/uploads\/2020\/05\/antibiotic-blur-cocktail-glass-cocktail-tablets-33248-sm-15x5-1-900x600.jpg 900w, https:\/\/salutologie.org\/wp-content\/uploads\/2020\/05\/antibiotic-blur-cocktail-glass-cocktail-tablets-33248-sm-15x5-1-1200x800.jpg 1200w\" sizes=\"(max-width: 1500px) 100vw, 1500px\" \/><\/div>\n\t\t<\/div> \n\t<\/div><\/div> \n\t\t<\/div> \n\t<\/div> \n<\/div><\/div><div class=\"block-area stripe wpb_row default with-border vc_row-fluid\"><div class=\"container clearfix\">\n\t<div class=\"vc_col-sm-12 wpb_column column_container\" style=\"\">\n\t\t<div class=\"wpb_wrapper\">\n\t\t\t<div class=\"gap\" style=\"line-height: 20px; height: 20px;\"><\/div>\n\t\t<\/div> \n\t<\/div> \n<\/div><\/div><div class=\"block-area stripe wpb_row default with-border vc_row-fluid\"><div class=\"container clearfix\">\n\t<div class=\"vc_col-sm-12 wpb_column column_container\" style=\"\">\n\t\t<div class=\"wpb_wrapper\">\n\t\t\t\n\t<div class=\"wpb_text_column wpb_content_element\">\n\t\t<div class=\"wpb_wrapper\">\n\t\t\t<p>Hier verweisen wir auf die M\u00f6glichkeit, die aktuelle Verf\u00fcgbarkeit von orthomolekularen Schutzfaktoren in Ihrem K\u00f6rper nachzuweisen. Durch die pr\u00e4ventive Diagnostik der Biovis Laboranalyse von Vitamin A, B6, C, D3, Coenzym Q10 und anderen, erhalten Sie exakten \u00dcberblick \u00fcber die Bioverf\u00fcgbarkeit von wichtigen Elementen f\u00fcr Ihr Immunsystems.<\/p>\n\n\t\t<\/div> \n\t<\/div> \n\t\t<\/div> \n\t<\/div> \n<\/div><\/div><div class=\"block-area stripe wpb_row default with-border vc_row-fluid\"><div class=\"container clearfix\">\n\t<div class=\"vc_col-sm-12 wpb_column column_container\" style=\"\">\n\t\t<div class=\"wpb_wrapper\">\n\t\t\t<div class=\"gap\" style=\"line-height: 60px; height: 60px;\"><\/div>\n\t\t<\/div> \n\t<\/div> \n<\/div><\/div><div class=\"block-area stripe wpb_row default with-border vc_row-fluid\"><div class=\"container clearfix\">\n\t<div class=\"vc_col-sm-12 wpb_column column_container\" style=\"\">\n\t\t<div class=\"wpb_wrapper\">\n\t\t\t<div class=\"vc_separator wpb_content_element vc_separator_align_center vc_sep_width_100 vc_sep_pos_align_center vc_sep_color_grey vc_separator-has-text\" ><span class=\"vc_sep_holder vc_sep_holder_l\"><span class=\"vc_sep_line\"><\/span><\/span><h4>Vitamine - Schutzfaktoren f\u00fcr unser Immunsystem<\/h4><span class=\"vc_sep_holder vc_sep_holder_r\"><span class=\"vc_sep_line\"><\/span><\/span>\n<\/div>\n\t\t<\/div> \n\t<\/div> \n<\/div><\/div><div class=\"block-area stripe wpb_row default with-border vc_row-fluid\"><div class=\"container clearfix\">\n\t<div class=\"vc_col-sm-12 wpb_column column_container\" style=\"\">\n\t\t<div class=\"wpb_wrapper\">\n\t\t\t\n\t<div class=\"wpb_text_column wpb_content_element\">\n\t\t<div class=\"wpb_wrapper\">\n\t\t\t<p><b>Vitamin A, Vitamin B6, Vitamin B12, Folsa\u0308ure und Vitamin D<\/b> tragen wissenschaftlich belegt zu einer normalen Funktion des Immunsystems bei. Auch wenn es bislang nur wenige Studien in Verbindung mit dem neuen Coronavirus SARS-CoV-2 vorliegen, wissen wir doch aus langja\u0308hriger eigener Erfahrung, wie wichtig eine ausreichende Versorgung dieser Vitamine fu\u0308r ein intaktes Immunsystem ist. Vor allem pra\u0308ventiv sollte darauf geachtet werden, dass die gemessenen Werte eher im oberen Normbereich liegen. Orthomolekular erfahrene Therapeuten sprechen auch von einem \u201epra\u0308ventivmedizinischen Optimalbereich\u201c, da bei diesen Konzentrationen abha\u0308ngige Enzyme eine maximale Aktivita\u0308t aufweisen.<\/p>\n<p>Vor allem fu\u0308r Vitamin-D liegen Meta-Analysen vor, die die Rolle einer Vitamin-D- Supplementierung bei der Pra\u0308vention von Atemwegsinfektionen untersuchen. Nach dieser Metaanalyse reduziert Vitamin D die mit Atemwegsinfektionen verbundenen Ereignisse signifikant. Fu\u0308r die Schutzwirkung von Vitamin D bei der Pra\u0308vention von Atemwegsinfektionen werden verschiedene Gru\u0308nde angefu\u0308hrt.<\/p>\n<p>Es wird angenommen, dass Vitamin-D die Produktion natu\u0308rlicher Antiko\u0308rper erho\u0308ht. Vitamin-D ist aber auch dafu\u0308r bekannt, die Immunita\u0308t zu sta\u0308rken, indem es die Differenzierung von Monozyten induziert und die Lymphozytenproliferation hemmt [50]. Schlie\u00dflich wird auch angenommen, dass Vitamin-D die phagozytische Aktivita\u0308t der Makrophagen steigert. Will man diese Effekte erreichen, sind 25 OH-Vitamin-D3-Spiegel erforderlich, die idealerweise in einem Bereich von 75 &#8211; 200 nmol\/l liegen.<\/p>\n<p><b>Vitamin-C <\/b>ist eine gute Basis f\u00fcr ein funktionierendes Immunsystem ist und kann zur Unterst\u00fctzung regelm\u00e4\u00dfig eingenommen werden. Weiters wirkt die antioxitative Wirkung bei chronischen Belastungen vor und steigert die Widerstandsf\u00e4higkeit des K\u00f6rpers.<\/p>\n<p><b>Zink und Magnesium<\/b>-Mangel sind sehr h\u00e4ufig. Dieser sollte rechtzeitig erfasst werden, da beide Spurenelemente unter anderem f\u00fcr unser Immunsystem sehr wichtig sind.<\/p>\n<p>Die Testverfahren zur Pr\u00e4ventiven Diagnostik des Immunsystems erm\u00f6glichen in einfacher Weise die aktuelle Verf\u00fcgbarkeit der wichtigen orthomolekularen Schutzfaktoren zu beurteilen und daraufhin entsprechende Interventionen zu setzen.<\/p>\n<p>&nbsp;<\/p>\n<p>Quellen:<\/p>\n<p><a href=\"https:\/\/chronoinstitut.org\/wp-content\/uploads\/2020\/02\/Biovis_SARS-CoV-2_DE.pdf\" target=\"_blank\" rel=\"noopener noreferrer\">Biovis Fachinformation 04\/20<\/a><\/p>\n<p>*Schmiedel, V. 2019: Vitamine, Mineralstoffe und Spurenelemente. Ern\u00e4hrung, Diagnostik und N\u00e4hrstofftherapie. Thieme Verlag Stuttgart.<\/p>\n<p>**Max Rubner-Institut (MRI)\/Bundesforschungsinstitut f\u00fcr Ern\u00e4hrung und Lebensmittel. Hrsg. 2008: Nationale Verzehrstudie II, Teil 1 und 2. Karlsruhe.<\/p>\n\n\t\t<\/div> \n\t<\/div> \n\t\t<\/div> \n\t<\/div> \n<\/div><\/div><div class=\"block-area stripe wpb_row default with-border vc_row-fluid\"><div class=\"container clearfix\">\n\t<div class=\"vc_col-sm-12 wpb_column column_container\" style=\"\">\n\t\t<div class=\"wpb_wrapper\">\n\t\t\t<div class=\"gap\" style=\"line-height: 60px; height: 60px;\"><\/div>\n\t\t<\/div> \n\t<\/div> \n<\/div><\/div><div class=\"block-area stripe wpb_row default with-border vc_row-fluid\"><div class=\"container clearfix\">\n\t<div class=\"vc_col-sm-12 wpb_column column_container\" style=\"\">\n\t\t<div class=\"wpb_wrapper\">\n\t\t\t<span class=\"btn-area wpb_button_custom center\"><a class=\"btn default\" title=\"Angebot und Preisliste\" href=\"https:\/\/chronoinstitut.org\/wp-content\/uploads\/2020\/05\/CORONA-PREVENT-Angebot-2.pdf\" target=\"_self\">Angebot und Preisliste<\/a><\/span>\n\t\t<\/div> \n\t<\/div> \n<\/div><\/div><div class=\"block-area stripe wpb_row default with-border vc_row-fluid\"><div class=\"container clearfix\">\n\t<div class=\"vc_col-sm-12 wpb_column column_container\" style=\"\">\n\t\t<div class=\"wpb_wrapper\">\n\t\t\t<span class=\"btn-area wpb_button_custom center\"><a class=\"btn default\" title=\"Angebot und Preisliste\" href=\"https:\/\/chronoinstitut.org\/kontakt\" target=\"_self\">Jetzt CORONA PREVENT Test Set bestellen<\/a><\/span>\n\t\t<\/div> \n\t<\/div> \n<\/div><\/div><div class=\"block-area stripe wpb_row default with-border vc_row-fluid\"><div class=\"container clearfix\">\n\t<div class=\"vc_col-sm-12 wpb_column column_container\" style=\"\">\n\t\t<div class=\"wpb_wrapper\">\n\t\t\t<div class=\"gap\" style=\"line-height: 60px; height: 60px;\"><\/div>\n\t\t<\/div> \n\t<\/div> \n<\/div><\/div><div class=\"block-area stripe wpb_row default with-border vc_row-fluid\"><div class=\"container clearfix\">\n\t<div class=\"vc_col-sm-6 wpb_column column_container\" style=\"\">\n\t\t<div class=\"wpb_wrapper\">\n\t\t\t\n\t<div class=\"wpb_single_image_wrapper center\"><div class=\"wpb_single_image wpb_content_element\">\n\t\t<div class=\"wpb_wrapper\">\n\t\t\t\n\t\t\t<div class=\"single_image_wrapper box-item\"><img width=\"240\" height=\"242\" src=\"https:\/\/salutologie.org\/wp-content\/uploads\/2020\/01\/Dr.-Henning-Sartor.jpeg\" class=\"attachment-full\" alt=\"\" decoding=\"async\" loading=\"lazy\" srcset=\"https:\/\/salutologie.org\/wp-content\/uploads\/2020\/01\/Dr.-Henning-Sartor.jpeg 240w, https:\/\/salutologie.org\/wp-content\/uploads\/2020\/01\/Dr.-Henning-Sartor-150x150.jpeg 150w\" sizes=\"(max-width: 240px) 100vw, 240px\" \/><\/div>\n\t\t<\/div> \n\t<\/div><\/div> \n\t\t<\/div> \n\t<\/div> \n\n\t<div class=\"vc_col-sm-6 wpb_column column_container\" style=\"\">\n\t\t<div class=\"wpb_wrapper\">\n\t\t\t\n\t<div class=\"wpb_text_column wpb_content_element\">\n\t\t<div class=\"wpb_wrapper\">\n\t\t\t<p><strong>Dr.med. Henning Sartor<\/strong><\/p>\n<p>Facharzt f\u00fcr An\u00e4sthesiologie, Facharzt f\u00fcr Allgemeinmedizin, Facharzt f\u00fcr Orthomolekulare Medizin, Fach-Referent f\u00fcr das Institut BIOVIS, Diplom f\u00fcr moderne F.X. Mayr-Medizin, Vorstandsmitglied der Internationalen Gesellschaft der Mayr-\u00c4rzte<\/p>\n<p>Privatpraxis und \u00e4rztlicher Leiter des Gesundheitshotels Spanberger, \u00e4rztlicher Leiter des Bergm\u00fcller-Instituts Wien.<\/p>\n<p>Medizinischer Berater des Instituts f\u00fcr ChronoPsychologie und ChronoMedizin, Facharzt f\u00fcr An\u00e4sthesiologie, Facharzt f\u00fcr Allgemeinmedizin, Facharzt f\u00fcr Orthomolekulare Medizin.<\/p>\n<p><a href=\"https:\/\/chronoinstitut.org\/team-member\/henning-sartor\/\" target=\"_blank\" rel=\"noopener noreferrer\">Weiterlesen<\/a><\/p>\n\n\t\t<\/div> \n\t<\/div> \n\t\t<\/div> \n\t<\/div> \n<\/div><\/div>\n<\/section>","protected":false},"excerpt":{"rendered":"<p>COVID-19 als Chance nutzen!<\/p>","protected":false},"author":1,"featured_media":2152,"comment_status":"closed","ping_status":"open","sticky":false,"template":"","format":"standard","meta":{"footnotes":""},"categories":[15],"tags":[],"yoast_head":"<!-- This site is optimized with the Yoast SEO plugin v22.6 - https:\/\/yoast.com\/wordpress\/plugins\/seo\/ -->\n<title>Pr\u00e4ventive Ma\u00dfnahmen - Universit\u00e4t f\u00fcr Salutologie\u00ae<\/title>\n<meta name=\"robots\" content=\"index, follow, max-snippet:-1, max-image-preview:large, max-video-preview:-1\" \/>\n<link rel=\"canonical\" href=\"https:\/\/salutologie.org\/en\/praventive-masnahmen\/?lang=en\" \/>\n<meta property=\"og:locale\" content=\"en_GB\" \/>\n<meta property=\"og:type\" content=\"article\" \/>\n<meta property=\"og:title\" content=\"Pr\u00e4ventive Ma\u00dfnahmen - Universit\u00e4t f\u00fcr Salutologie\u00ae\" \/>\n<meta property=\"og:description\" content=\"COVID-19 als Chance nutzen!\" \/>\n<meta property=\"og:url\" content=\"https:\/\/salutologie.org\/en\/praventive-masnahmen\/?lang=en\" \/>\n<meta property=\"og:site_name\" content=\"Universit\u00e4t f\u00fcr Salutologie\u00ae\" \/>\n<meta property=\"article:published_time\" content=\"2020-05-27T19:16:14+00:00\" \/>\n<meta property=\"article:modified_time\" content=\"2020-06-22T08:35:38+00:00\" \/>\n<meta property=\"og:image\" content=\"https:\/\/salutologie.org\/wp-content\/uploads\/2020\/05\/Artikel-5-15x5-1.jpg\" \/>\n\t<meta property=\"og:image:width\" content=\"1500\" \/>\n\t<meta property=\"og:image:height\" content=\"500\" \/>\n\t<meta property=\"og:image:type\" content=\"image\/jpeg\" \/>\n<meta name=\"author\" content=\"wp-admin\" \/>\n<meta name=\"twitter:card\" content=\"summary_large_image\" \/>\n<meta name=\"twitter:label1\" content=\"Written by\" \/>\n\t<meta name=\"twitter:data1\" content=\"wp-admin\" \/>\n\t<meta name=\"twitter:label2\" content=\"Estimated reading time\" \/>\n\t<meta name=\"twitter:data2\" content=\"13 minutes\" \/>\n<script type=\"application\/ld+json\" class=\"yoast-schema-graph\">{\"@context\":\"https:\/\/schema.org\",\"@graph\":[{\"@type\":\"WebPage\",\"@id\":\"https:\/\/salutologie.org\/praventive-masnahmen\/?lang=en\",\"url\":\"https:\/\/salutologie.org\/praventive-masnahmen\/?lang=en\",\"name\":\"Pr\u00e4ventive Ma\u00dfnahmen - Universit\u00e4t f\u00fcr Salutologie\u00ae\",\"isPartOf\":{\"@id\":\"https:\/\/salutologie.org\/#website\"},\"primaryImageOfPage\":{\"@id\":\"https:\/\/salutologie.org\/praventive-masnahmen\/?lang=en#primaryimage\"},\"image\":{\"@id\":\"https:\/\/salutologie.org\/praventive-masnahmen\/?lang=en#primaryimage\"},\"thumbnailUrl\":\"https:\/\/salutologie.org\/wp-content\/uploads\/2020\/05\/Artikel-5-15x5-1.jpg\",\"datePublished\":\"2020-05-27T19:16:14+00:00\",\"dateModified\":\"2020-06-22T08:35:38+00:00\",\"author\":{\"@id\":\"https:\/\/salutologie.org\/#\/schema\/person\/828e3d339c739b762a4294433c05a9ce\"},\"breadcrumb\":{\"@id\":\"https:\/\/salutologie.org\/praventive-masnahmen\/?lang=en#breadcrumb\"},\"inLanguage\":\"en-GB\",\"potentialAction\":[{\"@type\":\"ReadAction\",\"target\":[\"https:\/\/salutologie.org\/praventive-masnahmen\/?lang=en\"]}]},{\"@type\":\"ImageObject\",\"inLanguage\":\"en-GB\",\"@id\":\"https:\/\/salutologie.org\/praventive-masnahmen\/?lang=en#primaryimage\",\"url\":\"https:\/\/salutologie.org\/wp-content\/uploads\/2020\/05\/Artikel-5-15x5-1.jpg\",\"contentUrl\":\"https:\/\/salutologie.org\/wp-content\/uploads\/2020\/05\/Artikel-5-15x5-1.jpg\",\"width\":1500,\"height\":500},{\"@type\":\"BreadcrumbList\",\"@id\":\"https:\/\/salutologie.org\/praventive-masnahmen\/?lang=en#breadcrumb\",\"itemListElement\":[{\"@type\":\"ListItem\",\"position\":1,\"name\":\"Startseite\",\"item\":\"https:\/\/salutologie.org\/\"},{\"@type\":\"ListItem\",\"position\":2,\"name\":\"Pr\u00e4ventive Ma\u00dfnahmen\"}]},{\"@type\":\"WebSite\",\"@id\":\"https:\/\/salutologie.org\/#website\",\"url\":\"https:\/\/salutologie.org\/\",\"name\":\"Universit\u00e4t f\u00fcr Salutologie\u00ae\",\"description\":\"Universit\u00e4t f\u00fcr Salutologie\u00ae\",\"potentialAction\":[{\"@type\":\"SearchAction\",\"target\":{\"@type\":\"EntryPoint\",\"urlTemplate\":\"https:\/\/salutologie.org\/?s={search_term_string}\"},\"query-input\":\"required name=search_term_string\"}],\"inLanguage\":\"en-GB\"},{\"@type\":\"Person\",\"@id\":\"https:\/\/salutologie.org\/#\/schema\/person\/828e3d339c739b762a4294433c05a9ce\",\"name\":\"wp-admin\",\"image\":{\"@type\":\"ImageObject\",\"inLanguage\":\"en-GB\",\"@id\":\"https:\/\/salutologie.org\/#\/schema\/person\/image\/\",\"url\":\"http:\/\/1.gravatar.com\/avatar\/d9646857442a8843a3b62a0dda760756?s=96&d=mm&r=g\",\"contentUrl\":\"http:\/\/1.gravatar.com\/avatar\/d9646857442a8843a3b62a0dda760756?s=96&d=mm&r=g\",\"caption\":\"wp-admin\"},\"url\":\"http:\/\/salutologie.org\/en\/author\/wp-admin\/\"}]}<\/script>\n<!-- \/ Yoast SEO plugin. -->","yoast_head_json":{"title":"Pr\u00e4ventive Ma\u00dfnahmen - Universit\u00e4t f\u00fcr Salutologie\u00ae","robots":{"index":"index","follow":"follow","max-snippet":"max-snippet:-1","max-image-preview":"max-image-preview:large","max-video-preview":"max-video-preview:-1"},"canonical":"https:\/\/salutologie.org\/en\/praventive-masnahmen\/?lang=en","og_locale":"en_GB","og_type":"article","og_title":"Pr\u00e4ventive Ma\u00dfnahmen - Universit\u00e4t f\u00fcr Salutologie\u00ae","og_description":"COVID-19 als Chance nutzen!","og_url":"https:\/\/salutologie.org\/en\/praventive-masnahmen\/?lang=en","og_site_name":"Universit\u00e4t f\u00fcr Salutologie\u00ae","article_published_time":"2020-05-27T19:16:14+00:00","article_modified_time":"2020-06-22T08:35:38+00:00","og_image":[{"width":1500,"height":500,"url":"https:\/\/salutologie.org\/wp-content\/uploads\/2020\/05\/Artikel-5-15x5-1.jpg","type":"image\/jpeg"}],"author":"wp-admin","twitter_card":"summary_large_image","twitter_misc":{"Written by":"wp-admin","Estimated reading time":"13 minutes"},"schema":{"@context":"https:\/\/schema.org","@graph":[{"@type":"WebPage","@id":"https:\/\/salutologie.org\/praventive-masnahmen\/?lang=en","url":"https:\/\/salutologie.org\/praventive-masnahmen\/?lang=en","name":"Pr\u00e4ventive Ma\u00dfnahmen - Universit\u00e4t f\u00fcr Salutologie\u00ae","isPartOf":{"@id":"https:\/\/salutologie.org\/#website"},"primaryImageOfPage":{"@id":"https:\/\/salutologie.org\/praventive-masnahmen\/?lang=en#primaryimage"},"image":{"@id":"https:\/\/salutologie.org\/praventive-masnahmen\/?lang=en#primaryimage"},"thumbnailUrl":"https:\/\/salutologie.org\/wp-content\/uploads\/2020\/05\/Artikel-5-15x5-1.jpg","datePublished":"2020-05-27T19:16:14+00:00","dateModified":"2020-06-22T08:35:38+00:00","author":{"@id":"https:\/\/salutologie.org\/#\/schema\/person\/828e3d339c739b762a4294433c05a9ce"},"breadcrumb":{"@id":"https:\/\/salutologie.org\/praventive-masnahmen\/?lang=en#breadcrumb"},"inLanguage":"en-GB","potentialAction":[{"@type":"ReadAction","target":["https:\/\/salutologie.org\/praventive-masnahmen\/?lang=en"]}]},{"@type":"ImageObject","inLanguage":"en-GB","@id":"https:\/\/salutologie.org\/praventive-masnahmen\/?lang=en#primaryimage","url":"https:\/\/salutologie.org\/wp-content\/uploads\/2020\/05\/Artikel-5-15x5-1.jpg","contentUrl":"https:\/\/salutologie.org\/wp-content\/uploads\/2020\/05\/Artikel-5-15x5-1.jpg","width":1500,"height":500},{"@type":"BreadcrumbList","@id":"https:\/\/salutologie.org\/praventive-masnahmen\/?lang=en#breadcrumb","itemListElement":[{"@type":"ListItem","position":1,"name":"Startseite","item":"https:\/\/salutologie.org\/"},{"@type":"ListItem","position":2,"name":"Pr\u00e4ventive Ma\u00dfnahmen"}]},{"@type":"WebSite","@id":"https:\/\/salutologie.org\/#website","url":"https:\/\/salutologie.org\/","name":"Universit\u00e4t f\u00fcr Salutologie\u00ae","description":"Universit\u00e4t f\u00fcr Salutologie\u00ae","potentialAction":[{"@type":"SearchAction","target":{"@type":"EntryPoint","urlTemplate":"https:\/\/salutologie.org\/?s={search_term_string}"},"query-input":"required name=search_term_string"}],"inLanguage":"en-GB"},{"@type":"Person","@id":"https:\/\/salutologie.org\/#\/schema\/person\/828e3d339c739b762a4294433c05a9ce","name":"wp-admin","image":{"@type":"ImageObject","inLanguage":"en-GB","@id":"https:\/\/salutologie.org\/#\/schema\/person\/image\/","url":"http:\/\/1.gravatar.com\/avatar\/d9646857442a8843a3b62a0dda760756?s=96&d=mm&r=g","contentUrl":"http:\/\/1.gravatar.com\/avatar\/d9646857442a8843a3b62a0dda760756?s=96&d=mm&r=g","caption":"wp-admin"},"url":"http:\/\/salutologie.org\/en\/author\/wp-admin\/"}]}},"_links":{"self":[{"href":"http:\/\/salutologie.org\/en\/wp-json\/wp\/v2\/posts\/2151"}],"collection":[{"href":"http:\/\/salutologie.org\/en\/wp-json\/wp\/v2\/posts"}],"about":[{"href":"http:\/\/salutologie.org\/en\/wp-json\/wp\/v2\/types\/post"}],"author":[{"embeddable":true,"href":"http:\/\/salutologie.org\/en\/wp-json\/wp\/v2\/users\/1"}],"replies":[{"embeddable":true,"href":"http:\/\/salutologie.org\/en\/wp-json\/wp\/v2\/comments?post=2151"}],"version-history":[{"count":15,"href":"http:\/\/salutologie.org\/en\/wp-json\/wp\/v2\/posts\/2151\/revisions"}],"predecessor-version":[{"id":2757,"href":"http:\/\/salutologie.org\/en\/wp-json\/wp\/v2\/posts\/2151\/revisions\/2757"}],"wp:featuredmedia":[{"embeddable":true,"href":"http:\/\/salutologie.org\/en\/wp-json\/wp\/v2\/media\/2152"}],"wp:attachment":[{"href":"http:\/\/salutologie.org\/en\/wp-json\/wp\/v2\/media?parent=2151"}],"wp:term":[{"taxonomy":"category","embeddable":true,"href":"http:\/\/salutologie.org\/en\/wp-json\/wp\/v2\/categories?post=2151"},{"taxonomy":"post_tag","embeddable":true,"href":"http:\/\/salutologie.org\/en\/wp-json\/wp\/v2\/tags?post=2151"}],"curies":[{"name":"wp","href":"https:\/\/api.w.org\/{rel}","templated":true}]}}