{"id":2200,"date":"2020-05-27T22:33:00","date_gmt":"2020-05-27T20:33:00","guid":{"rendered":"https:\/\/chronoinstitut.org\/?p=2200"},"modified":"2020-06-17T08:00:21","modified_gmt":"2020-06-17T06:00:21","slug":"das-immunsystem-im-darm","status":"publish","type":"post","link":"http:\/\/salutologie.org\/en\/das-immunsystem-im-darm\/","title":{"rendered":"Das Immunsystem im Darm"},"content":{"rendered":"<section class=\"wpb-content-wrapper\"><div class=\"block-area stripe wpb_row default with-border vc_row-fluid\"><div class=\"container clearfix\">\n\t<div class=\"vc_col-sm-12 wpb_column column_container\" style=\"\">\n\t\t<div class=\"wpb_wrapper\">\n\t\t\t<div class=\"vc_separator wpb_content_element vc_separator_align_center vc_sep_width_100 vc_sep_pos_align_center vc_sep_color_grey vc_separator-has-text\" ><span class=\"vc_sep_holder vc_sep_holder_l\"><span class=\"vc_sep_line\"><\/span><\/span><h4>Wie Sie die Risiken von COVID-19 als Chance nutzen k\u00f6nnen<\/h4><span class=\"vc_sep_holder vc_sep_holder_r\"><span class=\"vc_sep_line\"><\/span><\/span>\n<\/div>\n\t\t<\/div> \n\t<\/div> \n<\/div><\/div><div class=\"block-area stripe wpb_row default with-border vc_row-fluid\"><div class=\"container clearfix\">\n\t<div class=\"vc_col-sm-12 wpb_column column_container\" style=\"\">\n\t\t<div class=\"wpb_wrapper\">\n\t\t\t\n\t<div class=\"wpb_text_column wpb_content_element\">\n\t\t<div class=\"wpb_wrapper\">\n\t\t\t<p>Studien legen nahe, dass COVID-19 auch an im Darm Zellen infizieren k\u00f6nnte. Da unser Immunsystem stark von der Beschaffenheit unserer Darmflora abh\u00e4ngt, ist es wichtig diese durch gezielte Darmpflege zu st\u00e4rken. Bereits durch einfache Ma\u00dfnahmen, aber auch durch entsprechende Modifikationen des Lebensstils, k\u00f6nnen wir uns deutlich aus der Risikogruppe absetzen.<\/p>\n\n\t\t<\/div> \n\t<\/div> \n\t\t<\/div> \n\t<\/div> \n<\/div><\/div><div class=\"block-area stripe wpb_row default with-border vc_row-fluid\"><div class=\"container clearfix\">\n\t<div class=\"vc_col-sm-12 wpb_column column_container\" style=\"\">\n\t\t<div class=\"wpb_wrapper\">\n\t\t\t<div class=\"gap\" style=\"line-height: 60px; height: 60px;\"><\/div>\n\t\t<\/div> \n\t<\/div> \n<\/div><\/div><div class=\"block-area stripe wpb_row default with-border vc_row-fluid\"><div class=\"container clearfix\">\n\t<div class=\"vc_col-sm-12 wpb_column column_container\" style=\"\">\n\t\t<div class=\"wpb_wrapper\">\n\t\t\t<div class=\"vc_separator wpb_content_element vc_separator_align_center vc_sep_width_100 vc_sep_pos_align_center vc_sep_color_grey vc_separator-has-text\" ><span class=\"vc_sep_holder vc_sep_holder_l\"><span class=\"vc_sep_line\"><\/span><\/span><h4>Das CORONA PREVENT Programm<\/h4><span class=\"vc_sep_holder vc_sep_holder_r\"><span class=\"vc_sep_line\"><\/span><\/span>\n<\/div>\n\t\t<\/div> \n\t<\/div> \n<\/div><\/div><div class=\"block-area stripe wpb_row default with-border vc_row-fluid\"><div class=\"container clearfix\">\n\t<div class=\"vc_col-sm-12 wpb_column column_container\" style=\"\">\n\t\t<div class=\"wpb_wrapper\">\n\t\t\t\n\t<div class=\"wpb_text_column wpb_content_element\">\n\t\t<div class=\"wpb_wrapper\">\n\t\t\t<p>Genau daf\u00fcr hat das Experten-Team des Instituts f\u00fcr ChronoPsychologie und ChronoMedizin an der Sigmund Freud PrivatUniversit\u00e4t Wien das Programm CORONA PREVENT entwickelt, das zeigt, wie Sie jetzt K\u00f6rper, Geist und Familie gegen auftretende Viren in einer sich ver\u00e4ndernden Umwelt st\u00e4rken k\u00f6nnen.<\/p>\n\n\t\t<\/div> \n\t<\/div> \n\t\t<\/div> \n\t<\/div> \n<\/div><\/div><div class=\"block-area stripe wpb_row default with-border vc_row-fluid\"><div class=\"container clearfix\">\n\t<div class=\"vc_col-sm-12 wpb_column column_container\" style=\"\">\n\t\t<div class=\"wpb_wrapper\">\n\t\t\t<div class=\"gap\" style=\"line-height: 50px; height: 50px;\"><\/div>\n\t\t<\/div> \n\t<\/div> \n<\/div><\/div><div class=\"block-area stripe wpb_row default with-border vc_row-fluid\"><div class=\"container clearfix\">\n\t<div class=\"vc_col-sm-12 wpb_column column_container\" style=\"\">\n\t\t<div class=\"wpb_wrapper\">\n\t\t\t\n\t<div class=\"wpb_text_column wpb_content_element\">\n\t\t<div class=\"wpb_wrapper\">\n\t\t\t<p>Dieses Programm f\u00fchrt Sie durch die Fragestellungen:<\/p>\n<ol>\n<li><em>Wie kann ich meine eigene Risikosituation erkennen?<\/em><\/li>\n<li><strong><em>Welche Ma\u00dfnahmen sind f\u00fcr mich sinnvoll?<\/em><\/strong><\/li>\n<li><em>Was muss ich tun um auch in Zukunft gesund zu bleiben?<\/em><\/li>\n<\/ol>\n\n\t\t<\/div> \n\t<\/div> \n\t\t<\/div> \n\t<\/div> \n<\/div><\/div><div class=\"block-area stripe wpb_row default with-border vc_row-fluid\"><div class=\"container clearfix\">\n\t<div class=\"vc_col-sm-12 wpb_column column_container\" style=\"\">\n\t\t<div class=\"wpb_wrapper\">\n\t\t\t<div class=\"gap\" style=\"line-height: 30px; height: 30px;\"><\/div>\n\t\t<\/div> \n\t<\/div> \n<\/div><\/div><div class=\"block-area stripe wpb_row default with-border vc_row-fluid\"><div class=\"container clearfix\">\n\t<div class=\"vc_col-sm-12 wpb_column column_container\" style=\"\">\n\t\t<div class=\"wpb_wrapper\">\n\t\t\t\n\t<div class=\"wpb_text_column wpb_content_element\">\n\t\t<div class=\"wpb_wrapper\">\n\t\t\t<p>Mit diesem Programm wollen wir Sie und Ihre Familien dabei unterst\u00fctzen, gesund durch die Krise zu kommen und dazu noch diese <em>Krise als Chance f\u00fcr Ihre eigene Gesundheit<\/em> zu nutzen!<\/p>\n\n\t\t<\/div> \n\t<\/div> \n\t\t<\/div> \n\t<\/div> \n<\/div><\/div><div class=\"block-area stripe wpb_row default with-border vc_row-fluid\"><div class=\"container clearfix\">\n\t<div class=\"vc_col-sm-12 wpb_column column_container\" style=\"\">\n\t\t<div class=\"wpb_wrapper\">\n\t\t\t<div class=\"gap\" style=\"line-height: 10px; height: 10px;\"><\/div>\n\t\t<\/div> \n\t<\/div> \n<\/div><\/div><div class=\"block-area stripe wpb_row default with-border vc_row-fluid\"><div class=\"container clearfix\">\n\t<div class=\"vc_col-sm-12 wpb_column column_container\" style=\"\">\n\t\t<div class=\"wpb_wrapper\">\n\t\t\t<span class=\"btn-area wpb_button_custom center\"><a class=\"btn default\" title=\"Jetzt CORONA PREVENT buchen\" href=\"https:\/\/chronoinstitut.org\/wp-content\/uploads\/2020\/02\/CORONA-PREVENT-Angebot-2.pdf\" target=\"_blank\">Jetzt CORONA PREVENT buchen<\/a><\/span>\n\t\t<\/div> \n\t<\/div> \n<\/div><\/div><div class=\"block-area stripe wpb_row default with-border vc_row-fluid\"><div class=\"container clearfix\">\n\t<div class=\"vc_col-sm-12 wpb_column column_container\" style=\"\">\n\t\t<div class=\"wpb_wrapper\">\n\t\t\t<div class=\"gap\" style=\"line-height: 60px; height: 60px;\"><\/div>\n\t\t<\/div> \n\t<\/div> \n<\/div><\/div><div class=\"block-area stripe wpb_row default with-border vc_row-fluid\"><div class=\"container clearfix\">\n\t<div class=\"vc_col-sm-12 wpb_column column_container\" style=\"\">\n\t\t<div class=\"wpb_wrapper\">\n\t\t\t<div class=\"vc_separator wpb_content_element vc_separator_align_center vc_sep_width_100 vc_sep_pos_align_center vc_sep_color_grey vc_separator-has-text\" ><span class=\"vc_sep_holder vc_sep_holder_l\"><span class=\"vc_sep_line\"><\/span><\/span><h4>Das Immunsystem im Darm<\/h4><span class=\"vc_sep_holder vc_sep_holder_r\"><span class=\"vc_sep_line\"><\/span><\/span>\n<\/div>\n\t\t<\/div> \n\t<\/div> \n<\/div><\/div><div class=\"block-area stripe wpb_row default with-border vc_row-fluid\"><div class=\"container clearfix\">\n\t<div class=\"vc_col-sm-12 wpb_column column_container\" style=\"\">\n\t\t<div class=\"wpb_wrapper\">\n\t\t\t\n\t<div class=\"wpb_text_column wpb_content_element\">\n\t\t<div class=\"wpb_wrapper\">\n\t\t\t<p>Die wissenschaftlichen Erkenntnisse aus der Covid-19-Pandemie legen nahe, dass SARS-CoV-2 auch an im Darm befindliche ACE2-Rezeptoren bindet und dort Zellen infizieren k\u00f6nnte. Retrospektive Untersuchungen beschreiben diesen Mechanismus bei dem urspr\u00fcnglichen Virus, das f\u00fcr die erste SARS Pandemie 2002\/2003 verantwortlich war.<\/p>\n<p>Die f\u00e4kalorale Infektion durch SARS-CoV-2 ist bisher nicht eindeutig bewiesen, aber das neue Coronavirus ist im Stuhl von Covid-19 Patienten nachweisbar und Stuhlproben k\u00f6nnen lange positiv sein, auch wenn das Virus im Respirationstrakt nicht mehr nachweisbar ist.<\/p>\n<p>Unterst\u00fctzt wird diese Vermutung durch die Beobachtung, dass ein Teil der Covid-19 Patienten gastrointestinale Symptome zeigt (z. B. Diarrhoe), die m\u00f6glicherweise durch eine vermehrte Fl\u00fcssigkeitsabgabe des Darmes nach Bindung des Virus an ACE2-Rezeptoren entstehen. Deshalb erscheint es uns sinnvoll pr\u00e4ventive Ma\u00dfnahmen einzuleiten, die zu einer St\u00e4rkung von Darmimmunit\u00e4t und Schleimhautbarriere f\u00fchren.<\/p>\n<p>Eine wichtige Voraussetzung f\u00fcr die Gesundheit des Immunsystems ist ein gesunder Bauch. Viele Studien zeigen heute, dass das Immunsystem im ganzen K\u00f6rper sehr stark von der Qualit\u00e4t der Darmflora und deren Bedingungen (Milieu) abh\u00e4ngen. Das Ziel ist es, durch Wissen und die richtige Ern\u00e4hrungsweise ein gest\u00e4rktes Immunsystem aufzubauen.<\/p>\n<p>Quelle: <a href=\"https:\/\/chronoinstitut.org\/wp-content\/uploads\/2020\/02\/Biovis_SARS-CoV-2_DE.pdf\" target=\"_blank\" rel=\"noopener noreferrer\">Biovis Fachinformation 04\/20<\/a><\/p>\n\n\t\t<\/div> \n\t<\/div> \n\t\t<\/div> \n\t<\/div> \n<\/div><\/div><div class=\"block-area stripe wpb_row default with-border vc_row-fluid\"><div class=\"container clearfix\">\n\t<div class=\"vc_col-sm-12 wpb_column column_container\" style=\"\">\n\t\t<div class=\"wpb_wrapper\">\n\t\t\t<div class=\"gap\" style=\"line-height: 60px; height: 60px;\"><\/div>\n\t\t<\/div> \n\t<\/div> \n<\/div><\/div><div class=\"block-area stripe wpb_row default with-border vc_row-fluid\"><div class=\"container clearfix\">\n\t<div class=\"vc_col-sm-12 wpb_column column_container\" style=\"\">\n\t\t<div class=\"wpb_wrapper\">\n\t\t\t<div class=\"vc_separator wpb_content_element vc_separator_align_center vc_sep_width_100 vc_sep_pos_align_center vc_sep_color_grey vc_separator-has-text\" ><span class=\"vc_sep_holder vc_sep_holder_l\"><span class=\"vc_sep_line\"><\/span><\/span><h4>Empfehlungen zur St\u00e4rkung des Immunsystems von Dr. Alex Witasek<\/h4><span class=\"vc_sep_holder vc_sep_holder_r\"><span class=\"vc_sep_line\"><\/span><\/span>\n<\/div>\n\t\t<\/div> \n\t<\/div> \n<\/div><\/div><div class=\"block-area stripe wpb_row default with-border vc_row-fluid\"><div class=\"container clearfix\">\n\t<div class=\"vc_col-sm-12 wpb_column column_container\" style=\"\">\n\t\t<div class=\"wpb_wrapper\">\n\t\t\t<div class=\"block-icon-area clearfix type2 default\"><div class=\"text-detail\"><h3>Bewegung<\/h3><div class=\"text\"><p>Das Wichtigste f\u00fcr ein starkes Immunsystem ist ausreichend Bewegung. Allerdings m\u00fcssen wir darauf achten, dass wir im aeroben Bereich bleiben, also in keinen Sauerstoffmangel des Gewebes geraten. Die einfachste Regel dazu lautet: immer nur so intensiv bewegen, dass wir reden k\u00f6nnen ohne au\u00dfer Atem zu geraten.<\/p>\n<\/div><\/div><\/div>\n\t\t<\/div> \n\t<\/div> \n<\/div><\/div><div class=\"block-area stripe wpb_row default with-border vc_row-fluid\"><div class=\"container clearfix\">\n\t<div class=\"vc_col-sm-12 wpb_column column_container\" style=\"\">\n\t\t<div class=\"wpb_wrapper\">\n\t\t\t<div class=\"block-icon-area clearfix type2 default\"><div class=\"text-detail\"><h3>Gem\u00fcse essen<\/h3><div class=\"text\"><p>Gem\u00fcse enth\u00e4lt nicht nur wertvolle Vitamine und Mineralstoffe, sondern vor allem auch die sekund\u00e4ren Pflanzenstoffe, die vielf\u00e4ltige entz\u00fcndungshemmende und Immunsystem st\u00e4rkende Wirkungen haben. Also zumindest jeden 2. Tag vegetarisch essen und als Beilage immer Gem\u00fcse \u2013 roh oder gekocht \u2013 w\u00e4hlen.<\/p>\n<\/div><\/div><\/div>\n\t\t<\/div> \n\t<\/div> \n<\/div><\/div><div class=\"block-area stripe wpb_row default with-border vc_row-fluid\"><div class=\"container clearfix\">\n\t<div class=\"vc_col-sm-12 wpb_column column_container\" style=\"\">\n\t\t<div class=\"wpb_wrapper\">\n\t\t\t<div class=\"block-icon-area clearfix type2 default\"><div class=\"text-detail\"><h3>Gute \u00d6le und Fette essen<\/h3><div class=\"text\"><p>Das ber\u00fchmte Lein\u00f6l mit seinen Omega-3 Fetts\u00e4uren ist nicht das einzige \u201eK\u00f6nigs-\u00d6l\u201c. Auch sind Oliven\u00f6l, Walnuss\u00f6l, Raps\u00f6l und sogar die mittelkettigen Triglyceride in Butter und Kokos\u00f6l \u00e4u\u00dferst wertvoll. Fetter Kaltwasserfisch wie Hering oder Makrele enthalten sogar noch bessere, weil sofort wirksame Omega-3 Fette.<\/p>\n<\/div><\/div><\/div>\n\t\t<\/div> \n\t<\/div> \n<\/div><\/div><div class=\"block-area stripe wpb_row default with-border vc_row-fluid\"><div class=\"container clearfix\">\n\t<div class=\"vc_col-sm-12 wpb_column column_container\" style=\"\">\n\t\t<div class=\"wpb_wrapper\">\n\t\t\t<div class=\"block-icon-area clearfix type2 default\"><div class=\"text-detail\"><h3>Dinner-Cancelling<\/h3><div class=\"text\"><p>Der Verzicht auf das Abendessen f\u00f6rdert die Autophagie der Zellen, also die Selbstentgiftung und Regeneration jeder K\u00f6rperzelle. Gerade bei viralen Infekten spielt das deswegen eine so gro\u00dfe Rolle, da sich die Viren f\u00fcr ihre Vermehrung der K\u00f6rperzellen bedienen. K\u00f6nnen sich die Zellen besser gegen die Viren wehren, k\u00f6nnen sich diese nicht mehr vermehren. Das sich aus dem Abendessen-Verzicht ergebende 16 Stunden Fasten verl\u00e4ngert auch die Lebensdauer der Zellen und hilft, mehr reparierende Stammzellen zu bilden. Dar\u00fcber hinaus wird der Verdauungstrakt geschont, in dem sich immerhin ca. 70% unseres Immunsystems befindet.<\/p>\n<\/div><\/div><\/div>\n\t\t<\/div> \n\t<\/div> \n<\/div><\/div><div class=\"block-area stripe wpb_row default with-border vc_row-fluid\"><div class=\"container clearfix\">\n\t<div class=\"vc_col-sm-12 wpb_column column_container\" style=\"\">\n\t\t<div class=\"wpb_wrapper\">\n\t\t\t<div class=\"block-icon-area clearfix type2 default\"><div class=\"text-detail\"><h3>Kneippen<\/h3><div class=\"text\"><p>Warm-Kalt Wechselb\u00e4der zumindest f\u00fcr die F\u00fc\u00dfe aber auch f\u00fcr den gesamten K\u00f6rper stimulieren unseren Stoffwechsel, die Durchblutung und damit die Abwehrkr\u00e4fte.<\/p>\n<\/div><\/div><\/div>\n\t\t<\/div> \n\t<\/div> \n<\/div><\/div><div class=\"block-area stripe wpb_row default with-border vc_row-fluid\"><div class=\"container clearfix\">\n\t<div class=\"vc_col-sm-12 wpb_column column_container\" style=\"\">\n\t\t<div class=\"wpb_wrapper\">\n\t\t\t<div class=\"block-icon-area clearfix type2 default\"><div class=\"text-detail\"><h3>Probiotika<\/h3><div class=\"text\"><p>Falls der Stuhlgang unregelm\u00e4\u00dfig ist und\/oder wir unter Bl\u00e4hungen leiden, liegt der Verdacht nahe, dass das Mikrobiom in unserem Darm aus der Balance geraten ist. Da das Mikrobiom mit seinen 100 Billionen Bakterien eine \u00e4u\u00dferst wichtige Rolle f\u00fcr unsere Immunsystem spielt, muss es dann regeneriert werden. Pr\u00e4parate mit Darmbakterien sind hier das Mittel der ersten Wahl, kombiniert mit einer gesunden Ern\u00e4hrungsweise, wobei hier das langsame Essen und gr\u00fcndliche Kauen und Einspeicheln die Basis sind.<\/p>\n<\/div><\/div><\/div>\n\t\t<\/div> \n\t<\/div> \n<\/div><\/div><div class=\"block-area stripe wpb_row default with-border vc_row-fluid\"><div class=\"container clearfix\">\n\t<div class=\"vc_col-sm-12 wpb_column column_container\" style=\"\">\n\t\t<div class=\"wpb_wrapper\">\n\t\t\t<div class=\"block-icon-area clearfix type2 default\"><div class=\"text-detail\"><h3>Lebensfreude und Angstarmut<\/h3><div class=\"text\"><p>Die wichtigste und effektivste Immunst\u00e4rkung bewirkt allerdings die Psyche. Angst, Depression, Pessimismus, Aggression und Frustration sind Gesundheitskiller. Angst wurde erfunden, um sich vor Bedrohungen zu sch\u00fctzen und nicht, um zu leiden. Wer aus jeder Situation das Beste herausholt, erkennt, was im Leben wirklich wichtig ist. Wer lieben kann und Liebe bekommt, das Glas halb voll statt halb leer sieht, sich mit sich selbst gut besch\u00e4ftigen kann, die Sensibilit\u00e4t f\u00fcr das Sch\u00f6ne nicht verloren hat, der st\u00e4rkt sein Immunsystem und kann diversen Krankheitsbedrohungen trotzen.<\/p>\n<\/div><\/div><\/div>\n\t\t<\/div> \n\t<\/div> \n<\/div><\/div><div class=\"block-area stripe wpb_row default with-border vc_row-fluid\"><div class=\"container clearfix\">\n\t<div class=\"vc_col-sm-12 wpb_column column_container\" style=\"\">\n\t\t<div class=\"wpb_wrapper\">\n\t\t\t<div class=\"gap\" style=\"line-height: 60px; height: 60px;\"><\/div>\n\t\t<\/div> \n\t<\/div> \n<\/div><\/div><div class=\"block-area stripe wpb_row default with-border vc_row-fluid\"><div class=\"container clearfix\">\n\t<div class=\"vc_col-sm-12 wpb_column column_container\" style=\"\">\n\t\t<div class=\"wpb_wrapper\">\n\t\t\t<span class=\"btn-area wpb_button_custom center\"><a class=\"btn default\" title=\"Angebot und Preisliste\" href=\"https:\/\/chronoinstitut.org\/wp-content\/uploads\/2020\/05\/CORONA-PREVENT-Angebot-2.pdf\" target=\"_blank\">Angebot und Preisliste<\/a><\/span>\n\t\t<\/div> \n\t<\/div> \n<\/div><\/div><div class=\"block-area stripe wpb_row default with-border vc_row-fluid\"><div class=\"container clearfix\">\n\t<div class=\"vc_col-sm-12 wpb_column column_container\" style=\"\">\n\t\t<div class=\"wpb_wrapper\">\n\t\t\t<span class=\"btn-area wpb_button_custom center\"><a class=\"btn default\" title=\"Jetzt CORONA PREVENT Test Set bestellen\" href=\"https:\/\/chronoinstitut.org\/kontakt\" target=\"_blank\">Jetzt CORONA PREVENT Test Set bestellen<\/a><\/span>\n\t\t<\/div> \n\t<\/div> \n<\/div><\/div><div class=\"block-area stripe wpb_row default with-border vc_row-fluid\"><div class=\"container clearfix\">\n\t<div class=\"vc_col-sm-12 wpb_column column_container\" style=\"\">\n\t\t<div class=\"wpb_wrapper\">\n\t\t\t<div class=\"gap\" style=\"line-height: 80px; height: 80px;\"><\/div>\n\t\t<\/div> \n\t<\/div> \n<\/div><\/div><div class=\"block-area stripe wpb_row default with-border vc_row-fluid\"><div class=\"container clearfix\">\n\t<div class=\"vc_col-sm-6 wpb_column column_container\" style=\"\">\n\t\t<div class=\"wpb_wrapper\">\n\t\t\t\n\t<div class=\"wpb_single_image_wrapper center\"><div class=\"wpb_single_image wpb_content_element\">\n\t\t<div class=\"wpb_wrapper\">\n\t\t\t\n\t\t\t<div class=\"single_image_wrapper box-item\"><img width=\"1000\" height=\"1000\" src=\"https:\/\/salutologie.org\/wp-content\/uploads\/2020\/01\/WITASEK-Alex-Foto-e1580418024325.jpg\" class=\"attachment-full\" alt=\"\" decoding=\"async\" loading=\"lazy\" \/><\/div>\n\t\t<\/div> \n\t<\/div><\/div> \n\t\t<\/div> \n\t<\/div> \n\n\t<div class=\"vc_col-sm-6 wpb_column column_container\" style=\"\">\n\t\t<div class=\"wpb_wrapper\">\n\t\t\t\n\t<div class=\"wpb_text_column wpb_content_element\">\n\t\t<div class=\"wpb_wrapper\">\n\t\t\t<p><strong>Dr. med. Alex Witasek<\/strong><\/p>\n<p>Nach Facharztausbildung f\u00fcr Allgemeinmedizin mit Schwerpunkt auf Chirurgie Leiter eines Medical Centers der UNO in Syrien. Seit 1988 Arbeit in Gesundheitshotels mit Schwerpunkt auf die F.X.Mayr-Medizin. 14 Jahre lang \u00e4rztlicher Leiter im Gesundheitszentrum Lanserhof bei Innsbruck. 2006 bis 2011 \u00e4rztlicher Direktor des artepuri Hotels in Binz auf R\u00fcgen. Seit 1998 im Vorstand und Lehrbeauftragter der Internationalen Gesellschaft der Mayr-\u00c4rzte. Selbst\u00e4ndiger Berater und Konzeptgeber f\u00fcr Gesundheitshotels und private Gesundheitszentren. Referent und Seminarleiter f\u00fcr Firmen, Kongresse, SchmidtColleg und Speakers Excellence. Seit 2011 Konzeptgeber und Arzt im la pura womens health resort kamptal in Gars am Kamp. <span class=\"\">Pr\u00e4sident der VerbaMayr-Akademie in Moskau. <\/span><\/p>\n<p><a href=\"https:\/\/chronoinstitut.org\/team-member\/alex-witasek\/\" target=\"_blank\" rel=\"noopener noreferrer\">Weiterlesen<\/a><\/p>\n\n\t\t<\/div> \n\t<\/div> \n\t\t<\/div> \n\t<\/div> \n<\/div><\/div>\n<\/section>","protected":false},"excerpt":{"rendered":"<p>COVID-19 als Chance nutzen!<\/p>","protected":false},"author":1,"featured_media":2201,"comment_status":"closed","ping_status":"open","sticky":false,"template":"","format":"standard","meta":{"footnotes":""},"categories":[15],"tags":[],"yoast_head":"<!-- This site is optimized with the Yoast SEO plugin v22.6 - https:\/\/yoast.com\/wordpress\/plugins\/seo\/ -->\n<title>Das Immunsystem im Darm - Universit\u00e4t f\u00fcr Salutologie\u00ae<\/title>\n<meta name=\"robots\" content=\"index, follow, max-snippet:-1, max-image-preview:large, max-video-preview:-1\" \/>\n<link rel=\"canonical\" href=\"https:\/\/salutologie.org\/en\/the-immune-system-in-our-gut\/?lang=en\" \/>\n<meta property=\"og:locale\" content=\"en_GB\" \/>\n<meta property=\"og:type\" content=\"article\" \/>\n<meta property=\"og:title\" content=\"Das Immunsystem im Darm - Universit\u00e4t f\u00fcr Salutologie\u00ae\" \/>\n<meta property=\"og:description\" content=\"COVID-19 als Chance nutzen!\" \/>\n<meta property=\"og:url\" content=\"https:\/\/salutologie.org\/en\/the-immune-system-in-our-gut\/?lang=en\" \/>\n<meta property=\"og:site_name\" content=\"Universit\u00e4t f\u00fcr Salutologie\u00ae\" \/>\n<meta property=\"article:published_time\" content=\"2020-05-27T20:33:00+00:00\" \/>\n<meta property=\"article:modified_time\" content=\"2020-06-17T06:00:21+00:00\" \/>\n<meta property=\"og:image\" content=\"https:\/\/salutologie.org\/wp-content\/uploads\/2020\/05\/Artikel-37-abda-15x5-1.jpg\" \/>\n\t<meta property=\"og:image:width\" content=\"1500\" \/>\n\t<meta property=\"og:image:height\" content=\"500\" \/>\n\t<meta property=\"og:image:type\" content=\"image\/jpeg\" \/>\n<meta name=\"author\" content=\"wp-admin\" \/>\n<meta name=\"twitter:card\" content=\"summary_large_image\" \/>\n<meta name=\"twitter:label1\" content=\"Written by\" \/>\n\t<meta name=\"twitter:data1\" content=\"wp-admin\" \/>\n\t<meta name=\"twitter:label2\" content=\"Estimated reading time\" \/>\n\t<meta name=\"twitter:data2\" content=\"15 minutes\" \/>\n<script type=\"application\/ld+json\" class=\"yoast-schema-graph\">{\"@context\":\"https:\/\/schema.org\",\"@graph\":[{\"@type\":\"WebPage\",\"@id\":\"https:\/\/salutologie.org\/the-immune-system-in-our-gut\/?lang=en\",\"url\":\"https:\/\/salutologie.org\/the-immune-system-in-our-gut\/?lang=en\",\"name\":\"Das Immunsystem im Darm - Universit\u00e4t f\u00fcr Salutologie\u00ae\",\"isPartOf\":{\"@id\":\"https:\/\/salutologie.org\/#website\"},\"primaryImageOfPage\":{\"@id\":\"https:\/\/salutologie.org\/the-immune-system-in-our-gut\/?lang=en#primaryimage\"},\"image\":{\"@id\":\"https:\/\/salutologie.org\/the-immune-system-in-our-gut\/?lang=en#primaryimage\"},\"thumbnailUrl\":\"https:\/\/salutologie.org\/wp-content\/uploads\/2020\/05\/Artikel-37-abda-15x5-1.jpg\",\"datePublished\":\"2020-05-27T20:33:00+00:00\",\"dateModified\":\"2020-06-17T06:00:21+00:00\",\"author\":{\"@id\":\"https:\/\/salutologie.org\/#\/schema\/person\/828e3d339c739b762a4294433c05a9ce\"},\"breadcrumb\":{\"@id\":\"https:\/\/salutologie.org\/the-immune-system-in-our-gut\/?lang=en#breadcrumb\"},\"inLanguage\":\"en-GB\",\"potentialAction\":[{\"@type\":\"ReadAction\",\"target\":[\"https:\/\/salutologie.org\/the-immune-system-in-our-gut\/?lang=en\"]}]},{\"@type\":\"ImageObject\",\"inLanguage\":\"en-GB\",\"@id\":\"https:\/\/salutologie.org\/the-immune-system-in-our-gut\/?lang=en#primaryimage\",\"url\":\"https:\/\/salutologie.org\/wp-content\/uploads\/2020\/05\/Artikel-37-abda-15x5-1.jpg\",\"contentUrl\":\"https:\/\/salutologie.org\/wp-content\/uploads\/2020\/05\/Artikel-37-abda-15x5-1.jpg\",\"width\":1500,\"height\":500},{\"@type\":\"BreadcrumbList\",\"@id\":\"https:\/\/salutologie.org\/the-immune-system-in-our-gut\/?lang=en#breadcrumb\",\"itemListElement\":[{\"@type\":\"ListItem\",\"position\":1,\"name\":\"Startseite\",\"item\":\"https:\/\/salutologie.org\/\"},{\"@type\":\"ListItem\",\"position\":2,\"name\":\"Das Immunsystem im Darm\"}]},{\"@type\":\"WebSite\",\"@id\":\"https:\/\/salutologie.org\/#website\",\"url\":\"https:\/\/salutologie.org\/\",\"name\":\"Universit\u00e4t f\u00fcr Salutologie\u00ae\",\"description\":\"Universit\u00e4t f\u00fcr Salutologie\u00ae\",\"potentialAction\":[{\"@type\":\"SearchAction\",\"target\":{\"@type\":\"EntryPoint\",\"urlTemplate\":\"https:\/\/salutologie.org\/?s={search_term_string}\"},\"query-input\":\"required name=search_term_string\"}],\"inLanguage\":\"en-GB\"},{\"@type\":\"Person\",\"@id\":\"https:\/\/salutologie.org\/#\/schema\/person\/828e3d339c739b762a4294433c05a9ce\",\"name\":\"wp-admin\",\"image\":{\"@type\":\"ImageObject\",\"inLanguage\":\"en-GB\",\"@id\":\"https:\/\/salutologie.org\/#\/schema\/person\/image\/\",\"url\":\"http:\/\/1.gravatar.com\/avatar\/d9646857442a8843a3b62a0dda760756?s=96&d=mm&r=g\",\"contentUrl\":\"http:\/\/1.gravatar.com\/avatar\/d9646857442a8843a3b62a0dda760756?s=96&d=mm&r=g\",\"caption\":\"wp-admin\"},\"url\":\"http:\/\/salutologie.org\/en\/author\/wp-admin\/\"}]}<\/script>\n<!-- \/ Yoast SEO plugin. -->","yoast_head_json":{"title":"Das Immunsystem im Darm - Universit\u00e4t f\u00fcr Salutologie\u00ae","robots":{"index":"index","follow":"follow","max-snippet":"max-snippet:-1","max-image-preview":"max-image-preview:large","max-video-preview":"max-video-preview:-1"},"canonical":"https:\/\/salutologie.org\/en\/the-immune-system-in-our-gut\/?lang=en","og_locale":"en_GB","og_type":"article","og_title":"Das Immunsystem im Darm - Universit\u00e4t f\u00fcr Salutologie\u00ae","og_description":"COVID-19 als Chance nutzen!","og_url":"https:\/\/salutologie.org\/en\/the-immune-system-in-our-gut\/?lang=en","og_site_name":"Universit\u00e4t f\u00fcr Salutologie\u00ae","article_published_time":"2020-05-27T20:33:00+00:00","article_modified_time":"2020-06-17T06:00:21+00:00","og_image":[{"width":1500,"height":500,"url":"https:\/\/salutologie.org\/wp-content\/uploads\/2020\/05\/Artikel-37-abda-15x5-1.jpg","type":"image\/jpeg"}],"author":"wp-admin","twitter_card":"summary_large_image","twitter_misc":{"Written by":"wp-admin","Estimated reading time":"15 minutes"},"schema":{"@context":"https:\/\/schema.org","@graph":[{"@type":"WebPage","@id":"https:\/\/salutologie.org\/the-immune-system-in-our-gut\/?lang=en","url":"https:\/\/salutologie.org\/the-immune-system-in-our-gut\/?lang=en","name":"Das Immunsystem im Darm - Universit\u00e4t f\u00fcr Salutologie\u00ae","isPartOf":{"@id":"https:\/\/salutologie.org\/#website"},"primaryImageOfPage":{"@id":"https:\/\/salutologie.org\/the-immune-system-in-our-gut\/?lang=en#primaryimage"},"image":{"@id":"https:\/\/salutologie.org\/the-immune-system-in-our-gut\/?lang=en#primaryimage"},"thumbnailUrl":"https:\/\/salutologie.org\/wp-content\/uploads\/2020\/05\/Artikel-37-abda-15x5-1.jpg","datePublished":"2020-05-27T20:33:00+00:00","dateModified":"2020-06-17T06:00:21+00:00","author":{"@id":"https:\/\/salutologie.org\/#\/schema\/person\/828e3d339c739b762a4294433c05a9ce"},"breadcrumb":{"@id":"https:\/\/salutologie.org\/the-immune-system-in-our-gut\/?lang=en#breadcrumb"},"inLanguage":"en-GB","potentialAction":[{"@type":"ReadAction","target":["https:\/\/salutologie.org\/the-immune-system-in-our-gut\/?lang=en"]}]},{"@type":"ImageObject","inLanguage":"en-GB","@id":"https:\/\/salutologie.org\/the-immune-system-in-our-gut\/?lang=en#primaryimage","url":"https:\/\/salutologie.org\/wp-content\/uploads\/2020\/05\/Artikel-37-abda-15x5-1.jpg","contentUrl":"https:\/\/salutologie.org\/wp-content\/uploads\/2020\/05\/Artikel-37-abda-15x5-1.jpg","width":1500,"height":500},{"@type":"BreadcrumbList","@id":"https:\/\/salutologie.org\/the-immune-system-in-our-gut\/?lang=en#breadcrumb","itemListElement":[{"@type":"ListItem","position":1,"name":"Startseite","item":"https:\/\/salutologie.org\/"},{"@type":"ListItem","position":2,"name":"Das Immunsystem im Darm"}]},{"@type":"WebSite","@id":"https:\/\/salutologie.org\/#website","url":"https:\/\/salutologie.org\/","name":"Universit\u00e4t f\u00fcr Salutologie\u00ae","description":"Universit\u00e4t f\u00fcr Salutologie\u00ae","potentialAction":[{"@type":"SearchAction","target":{"@type":"EntryPoint","urlTemplate":"https:\/\/salutologie.org\/?s={search_term_string}"},"query-input":"required name=search_term_string"}],"inLanguage":"en-GB"},{"@type":"Person","@id":"https:\/\/salutologie.org\/#\/schema\/person\/828e3d339c739b762a4294433c05a9ce","name":"wp-admin","image":{"@type":"ImageObject","inLanguage":"en-GB","@id":"https:\/\/salutologie.org\/#\/schema\/person\/image\/","url":"http:\/\/1.gravatar.com\/avatar\/d9646857442a8843a3b62a0dda760756?s=96&d=mm&r=g","contentUrl":"http:\/\/1.gravatar.com\/avatar\/d9646857442a8843a3b62a0dda760756?s=96&d=mm&r=g","caption":"wp-admin"},"url":"http:\/\/salutologie.org\/en\/author\/wp-admin\/"}]}},"_links":{"self":[{"href":"http:\/\/salutologie.org\/en\/wp-json\/wp\/v2\/posts\/2200"}],"collection":[{"href":"http:\/\/salutologie.org\/en\/wp-json\/wp\/v2\/posts"}],"about":[{"href":"http:\/\/salutologie.org\/en\/wp-json\/wp\/v2\/types\/post"}],"author":[{"embeddable":true,"href":"http:\/\/salutologie.org\/en\/wp-json\/wp\/v2\/users\/1"}],"replies":[{"embeddable":true,"href":"http:\/\/salutologie.org\/en\/wp-json\/wp\/v2\/comments?post=2200"}],"version-history":[{"count":10,"href":"http:\/\/salutologie.org\/en\/wp-json\/wp\/v2\/posts\/2200\/revisions"}],"predecessor-version":[{"id":2646,"href":"http:\/\/salutologie.org\/en\/wp-json\/wp\/v2\/posts\/2200\/revisions\/2646"}],"wp:featuredmedia":[{"embeddable":true,"href":"http:\/\/salutologie.org\/en\/wp-json\/wp\/v2\/media\/2201"}],"wp:attachment":[{"href":"http:\/\/salutologie.org\/en\/wp-json\/wp\/v2\/media?parent=2200"}],"wp:term":[{"taxonomy":"category","embeddable":true,"href":"http:\/\/salutologie.org\/en\/wp-json\/wp\/v2\/categories?post=2200"},{"taxonomy":"post_tag","embeddable":true,"href":"http:\/\/salutologie.org\/en\/wp-json\/wp\/v2\/tags?post=2200"}],"curies":[{"name":"wp","href":"https:\/\/api.w.org\/{rel}","templated":true}]}}