{"id":3451,"date":"2020-09-16T13:36:46","date_gmt":"2020-09-16T11:36:46","guid":{"rendered":"https:\/\/chronoinstitut.org\/?p=3451"},"modified":"2021-04-25T21:07:44","modified_gmt":"2021-04-25T19:07:44","slug":"publikationen-gesundheit-artikel-polyvagale-theorie-und-covid-19","status":"publish","type":"post","link":"http:\/\/salutologie.org\/en\/publikationen-gesundheit-artikel-polyvagale-theorie-und-covid-19\/","title":{"rendered":"Polyvagale Theorie und COVID-19"},"content":{"rendered":"<section class=\"wpb-content-wrapper\"><div class=\"block-area stripe wpb_row default with-border vc_row-fluid\"><div class=\"container clearfix\">\n\t<div class=\"vc_col-sm-12 wpb_column column_container\" style=\"\">\n\t\t<div class=\"wpb_wrapper\">\n\t\t\t\n\t<div class=\"wpb_text_column wpb_content_element\">\n\t\t<div class=\"wpb_wrapper\">\n\t\t\t<p><strong>Titel<\/strong><\/p>\n<p>Porges\u00b4 Polyvagale Theorie und COVID-19-Krise, <a href=\"https:\/\/chronoinstitut.org\/wp-content\/uploads\/2020\/05\/Polyvagale-Theorie-und-COVID-19.pdf\" target=\"_blank\" rel=\"noopener noreferrer\">PDF Download<\/a><\/p>\n<p>&nbsp;<\/p>\n<p><strong>Autoren<\/strong><\/p>\n<p><a href=\"https:\/\/chronoinstitut.org\/team-member\/ingrid-pirker-binder\/\">Ingrid Pirker-Binder<\/a> und <a href=\"https:\/\/chronoinstitut.org\/team-member\/armin-rainer\/\">Armin Rainer<\/a><\/p>\n<p>&nbsp;<\/p>\n<p><strong>Einleitung<\/strong><\/p>\n<p>Die COVID-19-Krise stellt das Gefu\u0308ge unserer Gesellschaft in Frage. Porges (2020) liefert mit seiner Polyvagalen Theorie ein neurobiologisches Modell. Dieses gibt eine Erkl\u00e4rung dafu\u0308r, wie die Krise bedrohungsbezogene Reaktionen hervorruft, unsere F\u00e4higkeit zur Regulierung unseres Verhaltens und emotionalen Zust\u00e4nde st\u00f6rt, und sich nicht zuletzt negativ auf unsere F\u00e4higkeit auswirkt, anderen zu vertrauen und uns sicher zu fu\u0308hlen.<\/p>\n\n\t\t<\/div> \n\t<\/div> \n\t\t<\/div> \n\t<\/div> \n<\/div><\/div>\n<\/section>","protected":false},"excerpt":{"rendered":"<p>Von I. Pirker-Binder, A. Rainer<\/p>","protected":false},"author":1,"featured_media":0,"comment_status":"closed","ping_status":"open","sticky":false,"template":"","format":"standard","meta":{"footnotes":""},"categories":[53],"tags":[],"yoast_head":"<!-- This site is optimized with the Yoast SEO plugin v22.6 - https:\/\/yoast.com\/wordpress\/plugins\/seo\/ -->\n<title>Polyvagale Theorie und COVID-19 - Universit\u00e4t f\u00fcr Salutologie\u00ae<\/title>\n<meta name=\"robots\" content=\"index, follow, max-snippet:-1, max-image-preview:large, max-video-preview:-1\" \/>\n<link rel=\"canonical\" href=\"https:\/\/salutologie.org\/en\/publikationen-gesundheit-artikel-polyvagale-theorie-und-covid-19\/\" \/>\n<meta property=\"og:locale\" content=\"en_GB\" \/>\n<meta property=\"og:type\" content=\"article\" \/>\n<meta property=\"og:title\" content=\"Polyvagale Theorie und COVID-19 - Universit\u00e4t f\u00fcr Salutologie\u00ae\" \/>\n<meta property=\"og:description\" content=\"Von I. Pirker-Binder, A. Rainer\" \/>\n<meta property=\"og:url\" content=\"https:\/\/salutologie.org\/en\/publikationen-gesundheit-artikel-polyvagale-theorie-und-covid-19\/\" \/>\n<meta property=\"og:site_name\" content=\"Universit\u00e4t f\u00fcr Salutologie\u00ae\" \/>\n<meta property=\"article:published_time\" content=\"2020-09-16T11:36:46+00:00\" \/>\n<meta property=\"article:modified_time\" content=\"2021-04-25T19:07:44+00:00\" \/>\n<meta name=\"author\" content=\"wp-admin\" \/>\n<meta name=\"twitter:card\" content=\"summary_large_image\" \/>\n<meta name=\"twitter:label1\" content=\"Written by\" \/>\n\t<meta name=\"twitter:data1\" content=\"wp-admin\" \/>\n\t<meta name=\"twitter:label2\" content=\"Estimated reading time\" \/>\n\t<meta name=\"twitter:data2\" content=\"1 minute\" \/>\n<script type=\"application\/ld+json\" class=\"yoast-schema-graph\">{\"@context\":\"https:\/\/schema.org\",\"@graph\":[{\"@type\":\"WebPage\",\"@id\":\"https:\/\/salutologie.org\/publikationen-gesundheit-artikel-polyvagale-theorie-und-covid-19\/\",\"url\":\"https:\/\/salutologie.org\/publikationen-gesundheit-artikel-polyvagale-theorie-und-covid-19\/\",\"name\":\"Polyvagale Theorie und COVID-19 - Universit\u00e4t f\u00fcr Salutologie\u00ae\",\"isPartOf\":{\"@id\":\"https:\/\/salutologie.org\/#website\"},\"datePublished\":\"2020-09-16T11:36:46+00:00\",\"dateModified\":\"2021-04-25T19:07:44+00:00\",\"author\":{\"@id\":\"https:\/\/salutologie.org\/#\/schema\/person\/828e3d339c739b762a4294433c05a9ce\"},\"breadcrumb\":{\"@id\":\"https:\/\/salutologie.org\/publikationen-gesundheit-artikel-polyvagale-theorie-und-covid-19\/#breadcrumb\"},\"inLanguage\":\"en-GB\",\"potentialAction\":[{\"@type\":\"ReadAction\",\"target\":[\"https:\/\/salutologie.org\/publikationen-gesundheit-artikel-polyvagale-theorie-und-covid-19\/\"]}]},{\"@type\":\"BreadcrumbList\",\"@id\":\"https:\/\/salutologie.org\/publikationen-gesundheit-artikel-polyvagale-theorie-und-covid-19\/#breadcrumb\",\"itemListElement\":[{\"@type\":\"ListItem\",\"position\":1,\"name\":\"Startseite\",\"item\":\"https:\/\/salutologie.org\/\"},{\"@type\":\"ListItem\",\"position\":2,\"name\":\"Polyvagale Theorie und COVID-19\"}]},{\"@type\":\"WebSite\",\"@id\":\"https:\/\/salutologie.org\/#website\",\"url\":\"https:\/\/salutologie.org\/\",\"name\":\"Universit\u00e4t f\u00fcr Salutologie\u00ae\",\"description\":\"Universit\u00e4t f\u00fcr Salutologie\u00ae\",\"potentialAction\":[{\"@type\":\"SearchAction\",\"target\":{\"@type\":\"EntryPoint\",\"urlTemplate\":\"https:\/\/salutologie.org\/?s={search_term_string}\"},\"query-input\":\"required name=search_term_string\"}],\"inLanguage\":\"en-GB\"},{\"@type\":\"Person\",\"@id\":\"https:\/\/salutologie.org\/#\/schema\/person\/828e3d339c739b762a4294433c05a9ce\",\"name\":\"wp-admin\",\"image\":{\"@type\":\"ImageObject\",\"inLanguage\":\"en-GB\",\"@id\":\"https:\/\/salutologie.org\/#\/schema\/person\/image\/\",\"url\":\"http:\/\/1.gravatar.com\/avatar\/d9646857442a8843a3b62a0dda760756?s=96&d=mm&r=g\",\"contentUrl\":\"http:\/\/1.gravatar.com\/avatar\/d9646857442a8843a3b62a0dda760756?s=96&d=mm&r=g\",\"caption\":\"wp-admin\"},\"url\":\"http:\/\/salutologie.org\/en\/author\/wp-admin\/\"}]}<\/script>\n<!-- \/ Yoast SEO plugin. -->","yoast_head_json":{"title":"Polyvagale Theorie und COVID-19 - Universit\u00e4t f\u00fcr Salutologie\u00ae","robots":{"index":"index","follow":"follow","max-snippet":"max-snippet:-1","max-image-preview":"max-image-preview:large","max-video-preview":"max-video-preview:-1"},"canonical":"https:\/\/salutologie.org\/en\/publikationen-gesundheit-artikel-polyvagale-theorie-und-covid-19\/","og_locale":"en_GB","og_type":"article","og_title":"Polyvagale Theorie und COVID-19 - Universit\u00e4t f\u00fcr Salutologie\u00ae","og_description":"Von I. Pirker-Binder, A. Rainer","og_url":"https:\/\/salutologie.org\/en\/publikationen-gesundheit-artikel-polyvagale-theorie-und-covid-19\/","og_site_name":"Universit\u00e4t f\u00fcr Salutologie\u00ae","article_published_time":"2020-09-16T11:36:46+00:00","article_modified_time":"2021-04-25T19:07:44+00:00","author":"wp-admin","twitter_card":"summary_large_image","twitter_misc":{"Written by":"wp-admin","Estimated reading time":"1 minute"},"schema":{"@context":"https:\/\/schema.org","@graph":[{"@type":"WebPage","@id":"https:\/\/salutologie.org\/publikationen-gesundheit-artikel-polyvagale-theorie-und-covid-19\/","url":"https:\/\/salutologie.org\/publikationen-gesundheit-artikel-polyvagale-theorie-und-covid-19\/","name":"Polyvagale Theorie und COVID-19 - Universit\u00e4t f\u00fcr Salutologie\u00ae","isPartOf":{"@id":"https:\/\/salutologie.org\/#website"},"datePublished":"2020-09-16T11:36:46+00:00","dateModified":"2021-04-25T19:07:44+00:00","author":{"@id":"https:\/\/salutologie.org\/#\/schema\/person\/828e3d339c739b762a4294433c05a9ce"},"breadcrumb":{"@id":"https:\/\/salutologie.org\/publikationen-gesundheit-artikel-polyvagale-theorie-und-covid-19\/#breadcrumb"},"inLanguage":"en-GB","potentialAction":[{"@type":"ReadAction","target":["https:\/\/salutologie.org\/publikationen-gesundheit-artikel-polyvagale-theorie-und-covid-19\/"]}]},{"@type":"BreadcrumbList","@id":"https:\/\/salutologie.org\/publikationen-gesundheit-artikel-polyvagale-theorie-und-covid-19\/#breadcrumb","itemListElement":[{"@type":"ListItem","position":1,"name":"Startseite","item":"https:\/\/salutologie.org\/"},{"@type":"ListItem","position":2,"name":"Polyvagale Theorie und COVID-19"}]},{"@type":"WebSite","@id":"https:\/\/salutologie.org\/#website","url":"https:\/\/salutologie.org\/","name":"Universit\u00e4t f\u00fcr Salutologie\u00ae","description":"Universit\u00e4t f\u00fcr Salutologie\u00ae","potentialAction":[{"@type":"SearchAction","target":{"@type":"EntryPoint","urlTemplate":"https:\/\/salutologie.org\/?s={search_term_string}"},"query-input":"required name=search_term_string"}],"inLanguage":"en-GB"},{"@type":"Person","@id":"https:\/\/salutologie.org\/#\/schema\/person\/828e3d339c739b762a4294433c05a9ce","name":"wp-admin","image":{"@type":"ImageObject","inLanguage":"en-GB","@id":"https:\/\/salutologie.org\/#\/schema\/person\/image\/","url":"http:\/\/1.gravatar.com\/avatar\/d9646857442a8843a3b62a0dda760756?s=96&d=mm&r=g","contentUrl":"http:\/\/1.gravatar.com\/avatar\/d9646857442a8843a3b62a0dda760756?s=96&d=mm&r=g","caption":"wp-admin"},"url":"http:\/\/salutologie.org\/en\/author\/wp-admin\/"}]}},"_links":{"self":[{"href":"http:\/\/salutologie.org\/en\/wp-json\/wp\/v2\/posts\/3451"}],"collection":[{"href":"http:\/\/salutologie.org\/en\/wp-json\/wp\/v2\/posts"}],"about":[{"href":"http:\/\/salutologie.org\/en\/wp-json\/wp\/v2\/types\/post"}],"author":[{"embeddable":true,"href":"http:\/\/salutologie.org\/en\/wp-json\/wp\/v2\/users\/1"}],"replies":[{"embeddable":true,"href":"http:\/\/salutologie.org\/en\/wp-json\/wp\/v2\/comments?post=3451"}],"version-history":[{"count":4,"href":"http:\/\/salutologie.org\/en\/wp-json\/wp\/v2\/posts\/3451\/revisions"}],"predecessor-version":[{"id":4008,"href":"http:\/\/salutologie.org\/en\/wp-json\/wp\/v2\/posts\/3451\/revisions\/4008"}],"wp:attachment":[{"href":"http:\/\/salutologie.org\/en\/wp-json\/wp\/v2\/media?parent=3451"}],"wp:term":[{"taxonomy":"category","embeddable":true,"href":"http:\/\/salutologie.org\/en\/wp-json\/wp\/v2\/categories?post=3451"},{"taxonomy":"post_tag","embeddable":true,"href":"http:\/\/salutologie.org\/en\/wp-json\/wp\/v2\/tags?post=3451"}],"curies":[{"name":"wp","href":"https:\/\/api.w.org\/{rel}","templated":true}]}}