{"id":3859,"date":"2020-12-06T15:25:07","date_gmt":"2020-12-06T14:25:07","guid":{"rendered":"https:\/\/chronoinstitut.org\/?p=3859"},"modified":"2020-12-09T15:00:26","modified_gmt":"2020-12-09T14:00:26","slug":"precision-medicine-nutrition","status":"publish","type":"post","link":"http:\/\/salutologie.org\/en\/precision-medicine-nutrition\/","title":{"rendered":"Precision Medicine"},"content":{"rendered":"<section class=\"wpb-content-wrapper\"><div class=\"block-area stripe wpb_row default with-border vc_row-fluid\"><div class=\"container clearfix\">\n\t<div class=\"vc_col-sm-12 wpb_column column_container\" style=\"\">\n\t\t<div class=\"wpb_wrapper\">\n\t\t\t<div class=\"gap\" style=\"line-height: 80px; height: 80px;\"><\/div>\n\t\t<\/div> \n\t<\/div> \n<\/div><\/div><div class=\"block-area stripe wpb_row default with-border vc_row-fluid\"><div class=\"container clearfix\">\n\t<div class=\"vc_col-sm-12 wpb_column column_container\" style=\"\">\n\t\t<div class=\"wpb_wrapper\">\n\t\t\t<div class=\"vc_separator wpb_content_element vc_separator_align_center vc_sep_width_100 vc_sep_pos_align_center vc_sep_color_grey vc_separator-has-text\" ><span class=\"vc_sep_holder vc_sep_holder_l\"><span class=\"vc_sep_line\"><\/span><\/span><h4>Wie Sie die Risiken von COVID-19 als Chance nutzen k\u00f6nnen<\/h4><span class=\"vc_sep_holder vc_sep_holder_r\"><span class=\"vc_sep_line\"><\/span><\/span>\n<\/div>\n\t\t<\/div> \n\t<\/div> \n<\/div><\/div><div class=\"block-area stripe wpb_row default with-border vc_row-fluid\"><div class=\"container clearfix\">\n\t<div class=\"vc_col-sm-12 wpb_column column_container\" style=\"\">\n\t\t<div class=\"wpb_wrapper\">\n\t\t\t\n\t<div class=\"wpb_text_column wpb_content_element\">\n\t\t<div class=\"wpb_wrapper\">\n\t\t\t<p>Personalisierte Gesundheitsvorsorge konzentriert sich auf Faktoren, die die menschliche Gesundheit und das Wohlbefinden unterst\u00fctzen, anstatt auf Faktoren, die Krankheiten verursachen. Mit der Integration genetischer und epigenetischer Konzepte in die individuelle, personalisierte Gesundheitsvorsorge kann im medizinischen Bereich Bezug auf die individuelle Variabilit\u00e4t von Gene, Umwelt und Lebensstil wie Ern\u00e4hrung genommen werden.<\/p>\n\n\t\t<\/div> \n\t<\/div> \n\t\t<\/div> \n\t<\/div> \n<\/div><\/div><div class=\"block-area stripe wpb_row default with-border vc_row-fluid\"><div class=\"container clearfix\">\n\t<div class=\"vc_col-sm-12 wpb_column column_container\" style=\"\">\n\t\t<div class=\"wpb_wrapper\">\n\t\t\t<div class=\"gap\" style=\"line-height: 80px; height: 80px;\"><\/div>\n\t\t<\/div> \n\t<\/div> \n<\/div><\/div><div class=\"block-area stripe wpb_row default with-border vc_row-fluid\"><div class=\"container clearfix\">\n\t<div class=\"vc_col-sm-12 wpb_column column_container\" style=\"\">\n\t\t<div class=\"wpb_wrapper\">\n\t\t\t<div class=\"vc_separator wpb_content_element vc_separator_align_center vc_sep_width_100 vc_sep_pos_align_center vc_sep_color_grey vc_separator-has-text\" ><span class=\"vc_sep_holder vc_sep_holder_l\"><span class=\"vc_sep_line\"><\/span><\/span><h4>Das CORONA PREVENT Programm<\/h4><span class=\"vc_sep_holder vc_sep_holder_r\"><span class=\"vc_sep_line\"><\/span><\/span>\n<\/div>\n\t\t<\/div> \n\t<\/div> \n<\/div><\/div><div class=\"block-area stripe wpb_row default with-border vc_row-fluid\"><div class=\"container clearfix\">\n\t<div class=\"vc_col-sm-12 wpb_column column_container\" style=\"\">\n\t\t<div class=\"wpb_wrapper\">\n\t\t\t\n\t<div class=\"wpb_text_column wpb_content_element\">\n\t\t<div class=\"wpb_wrapper\">\n\t\t\t<p>Genau daf\u00fcr hat das Experten-Team des Instituts f\u00fcr ChronoPsychologie und ChronoMedizin an der Sigmund Freud PrivatUniversit\u00e4t Wien das Programm CORONA PREVENT entwickelt, das zeigt, wie Sie jetzt K\u00f6rper, Geist und Familie gegen auftretende Viren in einer sich ver\u00e4ndernden Umwelt st\u00e4rken k\u00f6nnen.<\/p>\n\n\t\t<\/div> \n\t<\/div> \n\t\t<\/div> \n\t<\/div> \n<\/div><\/div><div class=\"block-area stripe wpb_row default with-border vc_row-fluid\"><div class=\"container clearfix\">\n\t<div class=\"vc_col-sm-12 wpb_column column_container\" style=\"\">\n\t\t<div class=\"wpb_wrapper\">\n\t\t\t<div class=\"gap\" style=\"line-height: 50px; height: 50px;\"><\/div>\n\t\t<\/div> \n\t<\/div> \n<\/div><\/div><div class=\"block-area stripe wpb_row default with-border vc_row-fluid\"><div class=\"container clearfix\">\n\t<div class=\"vc_col-sm-12 wpb_column column_container\" style=\"\">\n\t\t<div class=\"wpb_wrapper\">\n\t\t\t\n\t<div class=\"wpb_text_column wpb_content_element\">\n\t\t<div class=\"wpb_wrapper\">\n\t\t\t<p>Dieses Programm f\u00fchrt Sie durch die Fragestellungen:<\/p>\n<ol>\n<li><em>Wie kann ich meine eigene Risikosituation erkennen?<\/em><\/li>\n<li><strong><em>Welche Ma\u00dfnahmen sind f\u00fcr mich sinnvoll?<\/em><\/strong><\/li>\n<li><em>Was muss ich tun um auch in Zukunft gesund zu bleiben?<\/em><\/li>\n<\/ol>\n\n\t\t<\/div> \n\t<\/div> \n\t\t<\/div> \n\t<\/div> \n<\/div><\/div><div class=\"block-area stripe wpb_row default with-border vc_row-fluid\"><div class=\"container clearfix\">\n\t<div class=\"vc_col-sm-12 wpb_column column_container\" style=\"\">\n\t\t<div class=\"wpb_wrapper\">\n\t\t\t<div class=\"gap\" style=\"line-height: 30px; height: 30px;\"><\/div>\n\t\t<\/div> \n\t<\/div> \n<\/div><\/div><div class=\"block-area stripe wpb_row default with-border vc_row-fluid\"><div class=\"container clearfix\">\n\t<div class=\"vc_col-sm-12 wpb_column column_container\" style=\"\">\n\t\t<div class=\"wpb_wrapper\">\n\t\t\t\n\t<div class=\"wpb_text_column wpb_content_element\">\n\t\t<div class=\"wpb_wrapper\">\n\t\t\t<p>Mit diesem Programm wollen wir Sie und Ihre Familien dabei unterst\u00fctzen, gesund durch die Krise zu kommen und dazu noch diese <em>Krise als Chance f\u00fcr Ihre eigene Gesundheit<\/em> zu nutzen!<\/p>\n\n\t\t<\/div> \n\t<\/div> \n\t\t<\/div> \n\t<\/div> \n<\/div><\/div><div class=\"block-area stripe wpb_row default with-border vc_row-fluid\"><div class=\"container clearfix\">\n\t<div class=\"vc_col-sm-12 wpb_column column_container\" style=\"\">\n\t\t<div class=\"wpb_wrapper\">\n\t\t\t<span class=\"btn-area wpb_button_custom center\"><a class=\"btn default\" title=\"CORONA PREVENT anfragen\" href=\"https:\/\/chronoinstitut.org\/kontakt\" target=\"_self\">CORONA PREVENT anfragen<\/a><\/span>\n\t\t<\/div> \n\t<\/div> \n<\/div><\/div><div class=\"block-area stripe wpb_row default with-border vc_row-fluid\"><div class=\"container clearfix\">\n\t<div class=\"vc_col-sm-12 wpb_column column_container\" style=\"\">\n\t\t<div class=\"wpb_wrapper\">\n\t\t\t<div class=\"gap\" style=\"line-height: 80px; height: 80px;\"><\/div>\n\t\t<\/div> \n\t<\/div> \n<\/div><\/div><div class=\"block-area stripe wpb_row default with-border vc_row-fluid\"><div class=\"container clearfix\">\n\t<div class=\"vc_col-sm-12 wpb_column column_container\" style=\"\">\n\t\t<div class=\"wpb_wrapper\">\n\t\t\t<div class=\"vc_separator wpb_content_element vc_separator_align_center vc_sep_width_100 vc_sep_pos_align_center vc_sep_color_grey vc_separator-has-text\" ><span class=\"vc_sep_holder vc_sep_holder_l\"><span class=\"vc_sep_line\"><\/span><\/span><h4>Personalisierte Vorsorge durch genetische Dispositionen<\/h4><span class=\"vc_sep_holder vc_sep_holder_r\"><span class=\"vc_sep_line\"><\/span><\/span>\n<\/div>\n\t\t<\/div> \n\t<\/div> \n<\/div><\/div><div class=\"block-area stripe wpb_row default with-border vc_row-fluid\"><div class=\"container clearfix\">\n\t<div class=\"vc_col-sm-12 wpb_column column_container\" style=\"\">\n\t\t<div class=\"wpb_wrapper\">\n\t\t\t\n\t<div class=\"wpb_text_column wpb_content_element\">\n\t\t<div class=\"wpb_wrapper\">\n\t\t\t<p>Die Entwicklungen in der Forschung der letzten 20 Jahren haben unser Gesundheitsverst\u00e4ndnis grundlegend ver\u00e4ndert. Im Jahr 2003 wurden die Ergebnisse des Human Genom Projekts ver\u00f6ffentlicht. Damit wurden die genetischen Grundlagen der Mechanismen unserer Gesundheit und jener von Erkrankungen erfasst. Erkrankungen wurden danach vermehrt auf genetische Mechanismen zur\u00fcckgef\u00fchrt. Die darauffolgende Sequenzierung der Genome von tausenden von Menschen mit unterschiedlichen regionalen und ethnischen Hintergrund im Rahmen des \u201c1000 Genom Projekts\u201d f\u00fchrte danach zum Verst\u00e4ndnis der individuellen, genetischen Unterschiede, zumeist im Bereich von kleinen Sequenzunterschieden, sogenannter Single Nucleotid Polymorphismen, SNPS. Obwohl diese SNPS nur wenig zur Disposition einzelner Menschen f\u00fcr eine Krankheit oder einen Ph\u00e4notyp beitragen, wurden sie doch zur Grundlage genetischer Analysen f\u00fcr komplexe Erkrankungen oder Disposition z.B. von metabolischen und Ern\u00e4hrungseigenschaften. Bis heute haben bereits hunderttausende Menschen oftmals kritisch diskutierte genetische \u201edirect to consumer\u201c Analysen bei Firmen wie 23andme durchf\u00fchren lassen.<\/p>\n<p>Wissenschaftlich f\u00fchrten diese Erkenntnisse individueller genetischer Dispositionen weg von einem Gesundheitswesen, das sich auf Interventionen nach der Beobachtung der Entwicklung von Krankheitssymptomen konzentrierte, hin zur Entwicklung des Konzepts einer personalisierten pr\u00e4ventiven Gesundheitsvorsorge. Die Notwendigkeit einer vorbeugenden pers\u00f6nlichen Gesundheitsvorsorge wurde bereits seit den siebziger Jahren gesehen 1. Dabei werden besonders Biomarker verwendet, die auf die Entwicklung von Krankheiten hinweisen und eine Intervention bereits vor der Entwicklung von Symptomen erm\u00f6glichen. Diese vorbeugende, pers\u00f6nliche Gesundheitsvorsorge erfordert die Entwicklung von neuen Analysemethoden und Markern f\u00fcr bevorstehende Krankheiten sowie von personalisierten Pr\u00e4ventionsprodukten, die die Ergebnisse analytischer Konzepte ber\u00fccksichtigen. \u00c4nderungen des Lebensstils und der Ern\u00e4hrungsgewohnheiten sowie funktioneller Lebensmittel, Nutraceuticals, sind eine M\u00f6glichkeit, diese Erwartungen zu erf\u00fcllen.<\/p>\n\n\t\t<\/div> \n\t<\/div> <div class=\"gap\" style=\"line-height: 10px; height: 10px;\"><\/div><span class=\"btn-area wpb_button_custom center\"><a class=\"btn default\" title=\"Jenkes Testversuch von Geneometry Health Panels auf Pro7\" href=\"https:\/\/www.prosieben.at\/tv\/jenke\/video\/11-juengeres-aussehen-durch-intervallfasten-clip?utm_source=whatsapp&amp;utm_medium=social&amp;utm_term=social_onsite&amp;utm_campaign=prosieben.at&amp;utm_content=share_video_bottom\" target=\"_self\">Jenkes Testversuch von Geneometry Health Panels auf Pro7<\/a><\/span>\n\t\t<\/div> \n\t<\/div> \n<\/div><\/div><div class=\"block-area stripe wpb_row default with-border vc_row-fluid\"><div class=\"container clearfix\">\n\t<div class=\"vc_col-sm-12 wpb_column column_container\" style=\"\">\n\t\t<div class=\"wpb_wrapper\">\n\t\t\t<div class=\"gap\" style=\"line-height: 50px; height: 50px;\"><\/div>\n\t\t<\/div> \n\t<\/div> \n<\/div><\/div><div class=\"block-area stripe wpb_row default with-border vc_row-fluid\"><div class=\"container clearfix\">\n\t<div class=\"vc_col-sm-12 wpb_column column_container\" style=\"\">\n\t\t<div class=\"wpb_wrapper\">\n\t\t\t<div class=\"vc_separator wpb_content_element vc_separator_align_center vc_sep_width_100 vc_sep_pos_align_center vc_sep_color_grey vc_separator-has-text\" ><span class=\"vc_sep_holder vc_sep_holder_l\"><span class=\"vc_sep_line\"><\/span><\/span><h4>Precision Nutrition<\/h4><span class=\"vc_sep_holder vc_sep_holder_r\"><span class=\"vc_sep_line\"><\/span><\/span>\n<\/div>\n\t\t<\/div> \n\t<\/div> \n<\/div><\/div><div class=\"block-area stripe wpb_row default with-border vc_row-fluid\"><div class=\"container clearfix\">\n\t<div class=\"vc_col-sm-12 wpb_column column_container\" style=\"\">\n\t\t<div class=\"wpb_wrapper\">\n\t\t\t\n\t<div class=\"wpb_text_column wpb_content_element\">\n\t\t<div class=\"wpb_wrapper\">\n\t\t\t<p>Im medizinischen Bereich wurde die Ber\u00fccksichtigung der individuellen Variabilit\u00e4t in Bezug auf Gene, Umwelt und Lebensstil Teil der neuen Pr\u00e4zisionsmedizin bei komplexen Erkrankungen wie Krebsformen oder bei zentralnerv\u00f6sen Erkrankungen. Im Bereich der Ern\u00e4hrung entwickelt sich soeben die Idee einer \u201eprecision nutrition\u201c, Pr\u00e4zisionsern\u00e4hrung,\u00a0 welche individuelle, metabolische Charakteristika von Menschen analysiert und pers\u00f6nlich abgestimmte Ern\u00e4hrung oder Nutraceuticals zur Vorbeugung von Erkrankungen, wie COVID-19, empfehlt 2.<\/p>\n<p>Diese Pr\u00e4ventionskonzepte gehen Hand in Hand\u00a0 mit dem Ziel des \u201ehealthy aging\u201c, gesunden Alterns 3 und wirtschaftlich relevanten Ideen von \u201elongevity\u201c, Langlebigkeit, und M\u00f6glichkeiten diese deutlich zu verl\u00e4ngern 4.<\/p>\n<p>Der \u00fcberwiegenden Nutzung vorwiegend genetischer Daten f\u00fcr eine personalisierte Betrachtung der Gesundheit einzelner Menschen wurde die mangelnde Ber\u00fccksichtigung\u00a0 der pers\u00f6nlichen, nat\u00fcrlichen und sozialen Umwelt, sowie der Ern\u00e4hrung entgegengehalten. Diese Kritik wurde durch die Erkenntnisse der aufkommenden Epigenetik unterst\u00fctzt: Die Steuerung der Produktion von Genprodukten durch die epigenetische Regulation wird durch mannigfaltige Signale aus der Umwelt wie Toxine, Stress oder Ern\u00e4hrung beeinflusst 5. Bei monozygoten, d.h. genetisch identen Zwillingen k\u00f6nnen unterschiedliche Umwelt und Lebensstil durch die epigenetische Steuerung zu v\u00f6llig anderen K\u00f6rperformen oder Krankheiten f\u00fchren. Die Erkenntnisse der aufstreben Epigenetik wurden so auch in die Konzepte der personalisierten Gesundheitsvorsorge integriert.<\/p>\n\n\t\t<\/div> \n\t<\/div> \n\t\t<\/div> \n\t<\/div> \n<\/div><\/div><div class=\"block-area stripe wpb_row default with-border vc_row-fluid\"><div class=\"container clearfix\">\n\t<div class=\"vc_col-sm-12 wpb_column column_container\" style=\"\">\n\t\t<div class=\"wpb_wrapper\">\n\t\t\t<div class=\"gap\" style=\"line-height: 50px; height: 50px;\"><\/div>\n\t\t<\/div> \n\t<\/div> \n<\/div><\/div><div class=\"block-area stripe wpb_row default with-border vc_row-fluid\"><div class=\"container clearfix\">\n\t<div class=\"vc_col-sm-12 wpb_column column_container\" style=\"\">\n\t\t<div class=\"wpb_wrapper\">\n\t\t\t<div class=\"vc_separator wpb_content_element vc_separator_align_center vc_sep_width_100 vc_sep_pos_align_center vc_sep_color_grey vc_separator-has-text\" ><span class=\"vc_sep_holder vc_sep_holder_l\"><span class=\"vc_sep_line\"><\/span><\/span><h4>Precision Medicine<\/h4><span class=\"vc_sep_holder vc_sep_holder_r\"><span class=\"vc_sep_line\"><\/span><\/span>\n<\/div>\n\t\t<\/div> \n\t<\/div> \n<\/div><\/div><div class=\"block-area stripe wpb_row default with-border vc_row-fluid\"><div class=\"container clearfix\">\n\t<div class=\"vc_col-sm-12 wpb_column column_container\" style=\"\">\n\t\t<div class=\"wpb_wrapper\">\n\t\t\t\n\t<div class=\"wpb_text_column wpb_content_element\">\n\t\t<div class=\"wpb_wrapper\">\n\t\t\t<p>In der Precision Medizin sind epigenetische Marker von zentraler Wichtigkeit, im Bereich der Precision Ern\u00e4hrung wird die\u00a0 Ber\u00fccksichtigung von epigenetischen Markern wie auch die Ber\u00fccksichtigung des pers\u00f6nlichen Mikrobioms gefordert 6. Ebenso wird die Vielzahl von Nutriceuticals, welche Mechanismen der epigenetischen Steuerung positiv beeinflussen, vermehrt bei der Gesundheitsvorsorge genutzt. Zuletzt wurde im Rahmen der Bek\u00e4mpfung der COVID-19 Infektion entdeckt, dass Alterungs-, \u201eSenescence\u201c Vorg\u00e4nge von Zellen dieselben Molek\u00fcle beeinflusst wie das Andocken des Viruses an Zellen. Epigenetische Pflanzeninhaltsstoffe, welche f\u00fcr die Altersvorsorge entwickelt werden, k\u00f6nnen so wahrscheinlich auch bei COVID-19 Infektion helfend eingreifen 7 8.<\/p>\n<p>Die Integration genetischer und epigenetischer Konzepte in die individuelle, personalisierte Gesundheitsvorsorge ist damit auch hilfreich f\u00fcr das Verst\u00e4ndnis der Salutogenese und der psychischen Gesundheit. Diese konzentriert sich eher auf Faktoren, die die menschliche Gesundheit und das Wohlbefinden unterst\u00fctzen, als auf Faktoren, die Krankheiten verursachen (Pathogenese).<\/p>\n<p>Insbesondere befasst sich das \u201esalutogene Modell\u201d mit der Beziehung zwischen Gesundheit, Stress und Bew\u00e4ltigung 9,10, wobei das Verst\u00e4ndnis molekularer Vorg\u00e4nge zwischen Genen und Umwelt \u00fcber die Epigenetik notwendig ist. Das Epigenom wird so oft als ein Schl\u00fcsselelement gesehen, um zu verstehen, wie die Entwicklung psychischer St\u00f6rungen beeinflusst werden kann.<\/p>\n<p>Die Pr\u00e4vention der rasch ansteigenden Zahl von komplexen neurologischen, psychiatrischen, cancerogenen oder metabolischen Erkrankungen in zunehmend j\u00fcngerem Lebensalter muss so auch Ziel einer Gesundheits\u00f6konomie sein. (<a href=\"http:\/\/www.euro.who.int\/__data\/assets\/pdf_file\/0006\/283695\/Promoting-Health-Preventing-Disease-Economic-Case.pdf?ua=1.\" target=\"_blank\" rel=\"noopener noreferrer\">Siehe<\/a>)\u00a0<a href=\"http:\/\/www.euro.who.int\/__data\/assets\/pdf_file\/0006\/283695\/Promoting-Health-Preventing-Disease-Economic-Case.pdf?ua=1\"><br \/>\n<\/a><\/p>\n\n\t\t<\/div> \n\t<\/div> \n\t\t<\/div> \n\t<\/div> \n<\/div><\/div><div class=\"block-area stripe wpb_row default with-border vc_row-fluid\"><div class=\"container clearfix\">\n\t<div class=\"vc_col-sm-12 wpb_column column_container\" style=\"\">\n\t\t<div class=\"wpb_wrapper\">\n\t\t\t<div class=\"gap\" style=\"line-height: 50px; height: 50px;\"><\/div>\n\t\t<\/div> \n\t<\/div> \n<\/div><\/div><div class=\"block-area stripe wpb_row default with-border vc_row-fluid\"><div class=\"container clearfix\">\n\t<div class=\"vc_col-sm-12 wpb_column column_container\" style=\"\">\n\t\t<div class=\"wpb_wrapper\">\n\t\t\t<div class=\"vc_separator wpb_content_element vc_separator_align_center vc_sep_width_100 vc_sep_pos_align_center vc_sep_color_grey vc_separator-has-text\" ><span class=\"vc_sep_holder vc_sep_holder_l\"><span class=\"vc_sep_line\"><\/span><\/span><h4>Literatur<\/h4><span class=\"vc_sep_holder vc_sep_holder_r\"><span class=\"vc_sep_line\"><\/span><\/span>\n<\/div>\n\t\t<\/div> \n\t<\/div> \n<\/div><\/div><div class=\"block-area stripe wpb_row default with-border vc_row-fluid\"><div class=\"container clearfix\">\n\t<div class=\"vc_col-sm-12 wpb_column column_container\" style=\"\">\n\t\t<div class=\"wpb_wrapper\">\n\t\t\t\n\t<div class=\"wpb_text_column wpb_content_element\">\n\t\t<div class=\"wpb_wrapper\">\n\t\t\t<ol>\n<li>\u00a0 Merchant HW. Personal preventive medicine: a need and a responsibility. <i>J Am Dent Assoc<\/i>. 1978;97(3):450-452. doi:10.14219\/jada.archive.1978.0299<\/li>\n<li>\u00a0 de Toro-Mart\u00edn J, Arsenault BJ, Despr\u00e9s JP, Vohl MC. Precision nutrition: A review of personalized nutritional approaches for the prevention and management of metabolic syndrome. <i>Nutrients<\/i>. 2017;9(8). doi:10.3390\/nu9080913<\/li>\n<li>\u00a0 Woo J. How can we achieve healthy aging? <i>Int J Environ Res Public Health<\/i>. 2017;14(12). doi:10.3390\/ijerph14121583<\/li>\n<li>\u00a0 Dolgin E. Medical Research: Longevity data hint at no natural limit on lifespan. <i>Nature<\/i>. 2018;559(7712):14-15. doi:10.1038\/d41586-018-05582-3<\/li>\n<li>\u00a0 Haslberger A. <i>Epigenetics and Human Health\u202f: Linking Hereditary, Environmental and Nutritional Aspects<\/i>. Wiley-VCH; 2009.<\/li>\n<li>\u00a0 Lilja S, Gessner D, Schnitzler C, Stephanou-rieser N. Personalisierte Ern\u00e4hrung und Einteilung \/ Klassifizierung von me- tabolischen Typen basierend auf genetischen , epigenetischen und mikrobiologischen Analysen Personalized nutrition and classification of metabolic types based on genetics , epigenetics and. 2017;(January).<\/li>\n<li>\u00a0 Sargiacomo C, Sotgia F, Lisanti MP. COVID-19 and chronological aging: senolytics and other anti-aging drugs for the treatment or prevention of corona virus infection? <i>Aging (Albany NY)<\/i>. 2020;12:1-7. doi:10.18632\/aging.103001<\/li>\n<li>\u00a0 Remely M, Stefanska B, Lovrecic L, Magnet U, Haslberger AG. Nutriepigenomics: The role of nutrition in epigenetic control of human diseases. <i>Curr Opin Clin Nutr Metab Care<\/i>. 2015;18(4):328-333. doi:10.1097\/MCO.0000000000000180<\/li>\n<li>\u00a0 Lindstr\u00f6m B, Eriksson M. Salutogenesis. <i>J Epidemiol Community Health<\/i>. 2005;59(6):440-442. doi:10.1136\/jech.2005.034777<\/li>\n<li>Lindstr\u00f6m B, Eriksson M. The salutogenic approach to the making of HiAP\/healthy public policy: Illustrated by a case study. <i>Glob Health Promot<\/i>. 2009;16(1):17-28. doi:10.1177\/1757975908100747<\/li>\n<\/ol>\n<p>&nbsp;<\/p>\n\n\t\t<\/div> \n\t<\/div> \n\t\t<\/div> \n\t<\/div> \n<\/div><\/div><div class=\"block-area stripe wpb_row default with-border vc_row-fluid\"><div class=\"container clearfix\">\n\t<div class=\"vc_col-sm-12 wpb_column column_container\" style=\"\">\n\t\t<div class=\"wpb_wrapper\">\n\t\t\t<div class=\"gap\" style=\"line-height: 10px; height: 10px;\"><\/div>\n\t\t<\/div> \n\t<\/div> \n<\/div><\/div><div class=\"block-area stripe wpb_row default with-border vc_row-fluid\"><div class=\"container clearfix\">\n\t<div class=\"vc_col-sm-12 wpb_column column_container\" style=\"\">\n\t\t<div class=\"wpb_wrapper\">\n\t\t\t<span class=\"btn-area wpb_button_custom center\"><a class=\"btn default\" title=\"Angebot und Preisliste\" href=\"https:\/\/chronoinstitut.org\/wp-content\/uploads\/2020\/05\/CORONA-PREVENT-Angebot-2.pdf\" target=\"_blank\">Angebot und Preisliste<\/a><\/span>\n\t\t<\/div> \n\t<\/div> \n<\/div><\/div><div class=\"block-area stripe wpb_row default with-border vc_row-fluid\"><div class=\"container clearfix\">\n\t<div class=\"vc_col-sm-12 wpb_column column_container\" style=\"\">\n\t\t<div class=\"wpb_wrapper\">\n\t\t\t<span class=\"btn-area wpb_button_custom center\"><a class=\"btn default\" title=\"HealthBioCare\" href=\"https:\/\/chronoinstitut.org\/produkte\/geneometry\/\" target=\"_blank\">HealthBioCare<\/a><\/span>\n\t\t<\/div> \n\t<\/div> \n<\/div><\/div><div class=\"block-area stripe wpb_row default with-border vc_row-fluid\"><div class=\"container clearfix\">\n\t<div class=\"vc_col-sm-12 wpb_column column_container\" style=\"\">\n\t\t<div class=\"wpb_wrapper\">\n\t\t\t<div class=\"gap\" style=\"line-height: 90px; height: 90px;\"><\/div>\n\t\t<\/div> \n\t<\/div> \n<\/div><\/div><div class=\"block-area stripe wpb_row default with-border vc_row-fluid\"><div class=\"container clearfix\">\n\t<div class=\"vc_col-sm-6 wpb_column column_container\" style=\"\">\n\t\t<div class=\"wpb_wrapper\">\n\t\t\t\n\t<div class=\"wpb_single_image_wrapper center\"><div class=\"wpb_single_image wpb_content_element\">\n\t\t<div class=\"wpb_wrapper\">\n\t\t\t\n\t\t\t<div class=\"single_image_wrapper box-item\"><img width=\"150\" height=\"150\" src=\"https:\/\/salutologie.org\/wp-content\/uploads\/2020\/02\/Alexander-Haslberger1-150x150.jpg\" class=\"attachment-thumbnail\" alt=\"\" decoding=\"async\" loading=\"lazy\" srcset=\"https:\/\/salutologie.org\/wp-content\/uploads\/2020\/02\/Alexander-Haslberger1-150x150.jpg 150w, https:\/\/salutologie.org\/wp-content\/uploads\/2020\/02\/Alexander-Haslberger1-300x300.jpg 300w, https:\/\/salutologie.org\/wp-content\/uploads\/2020\/02\/Alexander-Haslberger1.jpg 339w\" sizes=\"(max-width: 150px) 100vw, 150px\" \/><\/div>\n\t\t<\/div> \n\t<\/div><\/div> \n\t\t<\/div> \n\t<\/div> \n\n\t<div class=\"vc_col-sm-6 wpb_column column_container\" style=\"\">\n\t\t<div class=\"wpb_wrapper\">\n\t\t\t\n\t<div class=\"wpb_text_column wpb_content_element\">\n\t\t<div class=\"wpb_wrapper\">\n\t\t\t<p><strong><a href=\"https:\/\/chronoinstitut.org\/team-member\/alexander-haslberger\/\">Doz. Dr. Alexander G. Haslberger<\/a><br \/>\n<\/strong><\/p>\n<p>Institut f\u00fcr Ern\u00e4hrungswissenschaften Uni Wien<\/p>\n\n\t\t<\/div> \n\t<\/div> \n\t\t<\/div> \n\t<\/div> \n<\/div><\/div><div class=\"block-area stripe wpb_row default with-border vc_row-fluid\"><div class=\"container clearfix\">\n\t<div class=\"vc_col-sm-12 wpb_column column_container\" style=\"\">\n\t\t<div class=\"wpb_wrapper\">\n\t\t\t<div class=\"gap\" style=\"line-height: 30px; height: 30px;\"><\/div>\n\t\t<\/div> \n\t<\/div> \n<\/div><\/div><div class=\"block-area stripe wpb_row default with-border vc_row-fluid\"><div class=\"container clearfix\">\n\t<div class=\"vc_col-sm-6 wpb_column column_container\" style=\"\">\n\t\t<div class=\"wpb_wrapper\">\n\t\t\t\n\t<div class=\"wpb_single_image_wrapper center\"><div class=\"wpb_single_image wpb_content_element\">\n\t\t<div class=\"wpb_wrapper\">\n\t\t\t\n\t\t\t<div class=\"single_image_wrapper box-item\"><\/div>\n\t\t<\/div> \n\t<\/div><\/div> \n\t\t<\/div> \n\t<\/div> \n\n\t<div class=\"vc_col-sm-6 wpb_column column_container\" style=\"\">\n\t\t<div class=\"wpb_wrapper\">\n\t\t\t\n\t<div class=\"wpb_text_column wpb_content_element\">\n\t\t<div class=\"wpb_wrapper\">\n\t\t\t<p><strong><a href=\"https:\/\/chronoinstitut.org\/team-member\/berit-hippe\/\">Dr. Berit Hippe<\/a><br \/>\n<\/strong><\/p>\n<p>Promovierte Ern\u00e4hrungswissenschaftlerin<\/p>\n\n\t\t<\/div> \n\t<\/div> \n\t\t<\/div> \n\t<\/div> \n<\/div><\/div>\n<\/section>","protected":false},"excerpt":{"rendered":"<p>COVID-19 als Chance nutzen!<\/p>","protected":false},"author":1,"featured_media":3865,"comment_status":"closed","ping_status":"open","sticky":false,"template":"","format":"standard","meta":{"footnotes":""},"categories":[15],"tags":[],"yoast_head":"<!-- This site is optimized with the Yoast SEO plugin v22.6 - https:\/\/yoast.com\/wordpress\/plugins\/seo\/ -->\n<title>Precision Medicine - Universit\u00e4t f\u00fcr Salutologie\u00ae<\/title>\n<meta name=\"robots\" content=\"index, follow, max-snippet:-1, max-image-preview:large, max-video-preview:-1\" \/>\n<link rel=\"canonical\" href=\"https:\/\/salutologie.org\/en\/precision-medicine-nutrition\/?lang=en\" \/>\n<meta property=\"og:locale\" content=\"en_GB\" \/>\n<meta property=\"og:type\" content=\"article\" \/>\n<meta property=\"og:title\" content=\"Precision Medicine - Universit\u00e4t f\u00fcr Salutologie\u00ae\" \/>\n<meta property=\"og:description\" content=\"COVID-19 als Chance nutzen!\" \/>\n<meta property=\"og:url\" content=\"https:\/\/salutologie.org\/en\/precision-medicine-nutrition\/?lang=en\" \/>\n<meta property=\"og:site_name\" content=\"Universit\u00e4t f\u00fcr Salutologie\u00ae\" \/>\n<meta property=\"article:published_time\" content=\"2020-12-06T14:25:07+00:00\" \/>\n<meta property=\"article:modified_time\" content=\"2020-12-09T14:00:26+00:00\" \/>\n<meta property=\"og:image\" content=\"https:\/\/salutologie.org\/wp-content\/uploads\/2020\/12\/pexels-karolina-grabowska-SM.jpg\" \/>\n\t<meta property=\"og:image:width\" content=\"1500\" \/>\n\t<meta property=\"og:image:height\" content=\"500\" \/>\n\t<meta property=\"og:image:type\" content=\"image\/jpeg\" \/>\n<meta name=\"author\" content=\"wp-admin\" \/>\n<meta name=\"twitter:card\" content=\"summary_large_image\" \/>\n<meta name=\"twitter:label1\" content=\"Written by\" \/>\n\t<meta name=\"twitter:data1\" content=\"wp-admin\" \/>\n\t<meta name=\"twitter:label2\" content=\"Estimated reading time\" \/>\n\t<meta name=\"twitter:data2\" content=\"16 minutes\" \/>\n<script type=\"application\/ld+json\" class=\"yoast-schema-graph\">{\"@context\":\"https:\/\/schema.org\",\"@graph\":[{\"@type\":\"WebPage\",\"@id\":\"https:\/\/salutologie.org\/precision-medicine-nutrition\/?lang=en\",\"url\":\"https:\/\/salutologie.org\/precision-medicine-nutrition\/?lang=en\",\"name\":\"Precision Medicine - Universit\u00e4t f\u00fcr Salutologie\u00ae\",\"isPartOf\":{\"@id\":\"https:\/\/salutologie.org\/#website\"},\"primaryImageOfPage\":{\"@id\":\"https:\/\/salutologie.org\/precision-medicine-nutrition\/?lang=en#primaryimage\"},\"image\":{\"@id\":\"https:\/\/salutologie.org\/precision-medicine-nutrition\/?lang=en#primaryimage\"},\"thumbnailUrl\":\"https:\/\/salutologie.org\/wp-content\/uploads\/2020\/12\/pexels-karolina-grabowska-SM.jpg\",\"datePublished\":\"2020-12-06T14:25:07+00:00\",\"dateModified\":\"2020-12-09T14:00:26+00:00\",\"author\":{\"@id\":\"https:\/\/salutologie.org\/#\/schema\/person\/828e3d339c739b762a4294433c05a9ce\"},\"breadcrumb\":{\"@id\":\"https:\/\/salutologie.org\/precision-medicine-nutrition\/?lang=en#breadcrumb\"},\"inLanguage\":\"en-GB\",\"potentialAction\":[{\"@type\":\"ReadAction\",\"target\":[\"https:\/\/salutologie.org\/precision-medicine-nutrition\/?lang=en\"]}]},{\"@type\":\"ImageObject\",\"inLanguage\":\"en-GB\",\"@id\":\"https:\/\/salutologie.org\/precision-medicine-nutrition\/?lang=en#primaryimage\",\"url\":\"https:\/\/salutologie.org\/wp-content\/uploads\/2020\/12\/pexels-karolina-grabowska-SM.jpg\",\"contentUrl\":\"https:\/\/salutologie.org\/wp-content\/uploads\/2020\/12\/pexels-karolina-grabowska-SM.jpg\",\"width\":1500,\"height\":500},{\"@type\":\"BreadcrumbList\",\"@id\":\"https:\/\/salutologie.org\/precision-medicine-nutrition\/?lang=en#breadcrumb\",\"itemListElement\":[{\"@type\":\"ListItem\",\"position\":1,\"name\":\"Startseite\",\"item\":\"https:\/\/salutologie.org\/\"},{\"@type\":\"ListItem\",\"position\":2,\"name\":\"Precision Medicine\"}]},{\"@type\":\"WebSite\",\"@id\":\"https:\/\/salutologie.org\/#website\",\"url\":\"https:\/\/salutologie.org\/\",\"name\":\"Universit\u00e4t f\u00fcr Salutologie\u00ae\",\"description\":\"Universit\u00e4t f\u00fcr Salutologie\u00ae\",\"potentialAction\":[{\"@type\":\"SearchAction\",\"target\":{\"@type\":\"EntryPoint\",\"urlTemplate\":\"https:\/\/salutologie.org\/?s={search_term_string}\"},\"query-input\":\"required name=search_term_string\"}],\"inLanguage\":\"en-GB\"},{\"@type\":\"Person\",\"@id\":\"https:\/\/salutologie.org\/#\/schema\/person\/828e3d339c739b762a4294433c05a9ce\",\"name\":\"wp-admin\",\"image\":{\"@type\":\"ImageObject\",\"inLanguage\":\"en-GB\",\"@id\":\"https:\/\/salutologie.org\/#\/schema\/person\/image\/\",\"url\":\"http:\/\/1.gravatar.com\/avatar\/d9646857442a8843a3b62a0dda760756?s=96&d=mm&r=g\",\"contentUrl\":\"http:\/\/1.gravatar.com\/avatar\/d9646857442a8843a3b62a0dda760756?s=96&d=mm&r=g\",\"caption\":\"wp-admin\"},\"url\":\"http:\/\/salutologie.org\/en\/author\/wp-admin\/\"}]}<\/script>\n<!-- \/ Yoast SEO plugin. -->","yoast_head_json":{"title":"Precision Medicine - Universit\u00e4t f\u00fcr Salutologie\u00ae","robots":{"index":"index","follow":"follow","max-snippet":"max-snippet:-1","max-image-preview":"max-image-preview:large","max-video-preview":"max-video-preview:-1"},"canonical":"https:\/\/salutologie.org\/en\/precision-medicine-nutrition\/?lang=en","og_locale":"en_GB","og_type":"article","og_title":"Precision Medicine - Universit\u00e4t f\u00fcr Salutologie\u00ae","og_description":"COVID-19 als Chance nutzen!","og_url":"https:\/\/salutologie.org\/en\/precision-medicine-nutrition\/?lang=en","og_site_name":"Universit\u00e4t f\u00fcr Salutologie\u00ae","article_published_time":"2020-12-06T14:25:07+00:00","article_modified_time":"2020-12-09T14:00:26+00:00","og_image":[{"width":1500,"height":500,"url":"https:\/\/salutologie.org\/wp-content\/uploads\/2020\/12\/pexels-karolina-grabowska-SM.jpg","type":"image\/jpeg"}],"author":"wp-admin","twitter_card":"summary_large_image","twitter_misc":{"Written by":"wp-admin","Estimated reading time":"16 minutes"},"schema":{"@context":"https:\/\/schema.org","@graph":[{"@type":"WebPage","@id":"https:\/\/salutologie.org\/precision-medicine-nutrition\/?lang=en","url":"https:\/\/salutologie.org\/precision-medicine-nutrition\/?lang=en","name":"Precision Medicine - Universit\u00e4t f\u00fcr Salutologie\u00ae","isPartOf":{"@id":"https:\/\/salutologie.org\/#website"},"primaryImageOfPage":{"@id":"https:\/\/salutologie.org\/precision-medicine-nutrition\/?lang=en#primaryimage"},"image":{"@id":"https:\/\/salutologie.org\/precision-medicine-nutrition\/?lang=en#primaryimage"},"thumbnailUrl":"https:\/\/salutologie.org\/wp-content\/uploads\/2020\/12\/pexels-karolina-grabowska-SM.jpg","datePublished":"2020-12-06T14:25:07+00:00","dateModified":"2020-12-09T14:00:26+00:00","author":{"@id":"https:\/\/salutologie.org\/#\/schema\/person\/828e3d339c739b762a4294433c05a9ce"},"breadcrumb":{"@id":"https:\/\/salutologie.org\/precision-medicine-nutrition\/?lang=en#breadcrumb"},"inLanguage":"en-GB","potentialAction":[{"@type":"ReadAction","target":["https:\/\/salutologie.org\/precision-medicine-nutrition\/?lang=en"]}]},{"@type":"ImageObject","inLanguage":"en-GB","@id":"https:\/\/salutologie.org\/precision-medicine-nutrition\/?lang=en#primaryimage","url":"https:\/\/salutologie.org\/wp-content\/uploads\/2020\/12\/pexels-karolina-grabowska-SM.jpg","contentUrl":"https:\/\/salutologie.org\/wp-content\/uploads\/2020\/12\/pexels-karolina-grabowska-SM.jpg","width":1500,"height":500},{"@type":"BreadcrumbList","@id":"https:\/\/salutologie.org\/precision-medicine-nutrition\/?lang=en#breadcrumb","itemListElement":[{"@type":"ListItem","position":1,"name":"Startseite","item":"https:\/\/salutologie.org\/"},{"@type":"ListItem","position":2,"name":"Precision Medicine"}]},{"@type":"WebSite","@id":"https:\/\/salutologie.org\/#website","url":"https:\/\/salutologie.org\/","name":"Universit\u00e4t f\u00fcr Salutologie\u00ae","description":"Universit\u00e4t f\u00fcr Salutologie\u00ae","potentialAction":[{"@type":"SearchAction","target":{"@type":"EntryPoint","urlTemplate":"https:\/\/salutologie.org\/?s={search_term_string}"},"query-input":"required name=search_term_string"}],"inLanguage":"en-GB"},{"@type":"Person","@id":"https:\/\/salutologie.org\/#\/schema\/person\/828e3d339c739b762a4294433c05a9ce","name":"wp-admin","image":{"@type":"ImageObject","inLanguage":"en-GB","@id":"https:\/\/salutologie.org\/#\/schema\/person\/image\/","url":"http:\/\/1.gravatar.com\/avatar\/d9646857442a8843a3b62a0dda760756?s=96&d=mm&r=g","contentUrl":"http:\/\/1.gravatar.com\/avatar\/d9646857442a8843a3b62a0dda760756?s=96&d=mm&r=g","caption":"wp-admin"},"url":"http:\/\/salutologie.org\/en\/author\/wp-admin\/"}]}},"_links":{"self":[{"href":"http:\/\/salutologie.org\/en\/wp-json\/wp\/v2\/posts\/3859"}],"collection":[{"href":"http:\/\/salutologie.org\/en\/wp-json\/wp\/v2\/posts"}],"about":[{"href":"http:\/\/salutologie.org\/en\/wp-json\/wp\/v2\/types\/post"}],"author":[{"embeddable":true,"href":"http:\/\/salutologie.org\/en\/wp-json\/wp\/v2\/users\/1"}],"replies":[{"embeddable":true,"href":"http:\/\/salutologie.org\/en\/wp-json\/wp\/v2\/comments?post=3859"}],"version-history":[{"count":31,"href":"http:\/\/salutologie.org\/en\/wp-json\/wp\/v2\/posts\/3859\/revisions"}],"predecessor-version":[{"id":3946,"href":"http:\/\/salutologie.org\/en\/wp-json\/wp\/v2\/posts\/3859\/revisions\/3946"}],"wp:featuredmedia":[{"embeddable":true,"href":"http:\/\/salutologie.org\/en\/wp-json\/wp\/v2\/media\/3865"}],"wp:attachment":[{"href":"http:\/\/salutologie.org\/en\/wp-json\/wp\/v2\/media?parent=3859"}],"wp:term":[{"taxonomy":"category","embeddable":true,"href":"http:\/\/salutologie.org\/en\/wp-json\/wp\/v2\/categories?post=3859"},{"taxonomy":"post_tag","embeddable":true,"href":"http:\/\/salutologie.org\/en\/wp-json\/wp\/v2\/tags?post=3859"}],"curies":[{"name":"wp","href":"https:\/\/api.w.org\/{rel}","templated":true}]}}