{"id":4014,"date":"2021-04-25T21:33:04","date_gmt":"2021-04-25T19:33:04","guid":{"rendered":"https:\/\/chronoinstitut.org\/?p=4014"},"modified":"2025-08-07T10:27:07","modified_gmt":"2025-08-07T08:27:07","slug":"publikationen-gesundheit-chronobiologie-mayr","status":"publish","type":"post","link":"https:\/\/salutologie.org\/en\/publikationen-gesundheit-chronobiologie-mayr\/","title":{"rendered":"Chronobiologie &#038; F.X.Mayr"},"content":{"rendered":"<section class=\"wpb-content-wrapper\"><div class=\"block-area stripe wpb_row default with-border vc_row-fluid\"><div class=\"container clearfix\">\n\t<div class=\"vc_col-sm-12 wpb_column column_container\" style=\"\">\n\t\t<div class=\"wpb_wrapper\">\n\t\t\t\n\t<div class=\"wpb_text_column wpb_content_element\">\n\t\t<div class=\"wpb_wrapper\">\n\t\t\t<p>Die Aktivit\u00e4t der Verdauung unterliegt ganz stark einer zirkadianen Rhythmik. Die Hauptmahlzeiten sollten morgens und mittags gegessen werden, abends nur leicht und wenig, da die Verdauungsleistung abends deutlich geringer ist und sonst die Regeneration \u00fcber Nacht wesentlich eingeschr\u00e4nkt wird. Jedes Essen ist Stress, den es zu beantworten gilt. Der kleinste Reiz, der noch eine Reaktion hervorruft, ist der Beste. Der Organismus soll angeregt werden und nicht umgeworfen \u2013 was sich in der Ern\u00e4hrung als G\u00e4rungs- oder F\u00e4ulnisdyspepsie, mit intestinaler Dysbiose und als Enteropathiesyndrom (mit den markanten Mayr-B\u00e4uchen) manifestieren w\u00fcrde.<\/p>\n<p>Mit jeder Nahrung wird K\u00f6rperfremdes zugef\u00fchrt, das durch unsere Verdauung soweit adaptiert werden muss, dass unser Immunsystem sich nicht dagegen wehrt. Daf\u00fcr muss Energie bereitgestellt werden, je weniger f\u00fcr diese Aufgabe zur Verf\u00fcgung steht, desto schlechter wird das Resultat sein. Eine Sympathikusdominanz st\u00f6rt dabei gewaltig, da geht es um andere Priorit\u00e4ten.<\/p>\n<p>Wie bei einem guten Trainingsplan geht es um die Kunst der richtigen Dosis, nicht zu stark und nicht zu schwach, das ist das Ziel. Dazu braucht es:<\/p>\n<ul>\n<li>Bewusstes Wahrnehmen, Essen mit allen Sinnen, das unseren Instinkt sch\u00e4rft.<\/li>\n<li>Innere Unabh\u00e4ngigkeit und Freiheit, um nicht Kompensationszw\u00e4ngen auf den Leim zu gehen.<\/li>\n<li>Das Respektieren der eigenen, momentanen Vitalit\u00e4t und Leistungsf\u00e4higkeit.<\/li>\n<li>Das Erkennen der Individualit\u00e4t der Bed\u00fcrfnisse.<\/li>\n<\/ul>\n<p>Die Prinzipien der Mayr-Medizin sollen uns auf allen Ebenen genau darin unterst\u00fctzen:<\/p>\n<ol>\n<li>Die Schonung eines \u00fcberforderten Verdauungstraktes und Individuums<\/li>\n<li>Die S\u00e4uberung von krankmachenden und belastenden Substanzen, k\u00f6rperlich wie seelisch<\/li>\n<li>Die Schulung der Wahrnehmung und Sensibilisierung<\/li>\n<li>Die Substitution von Fehlendem, soweit m\u00f6glich.<\/li>\n<\/ol>\n<p>Das macht die Mayr-Medizin aus, angewandte Physiologie und Salutologie unter Ber\u00fccksichtigung der Chronobiologie. Das richtige Ma\u00df zum richtigen Zeitpunkt.<\/p>\n<p>Erschienen in: <a href=\"https:\/\/chronoinstitut.org\/wp-content\/uploads\/2020\/05\/48_49_Matejka.pdf\" target=\"_blank\" rel=\"noopener noreferrer\">4 Fachleute \u2013 4 Behandlungsstrategien. zkm 2020; 6: 48\u201349 | \u00a9 2020. Thieme<\/a><\/p>\n\n\t\t<\/div> \n\t<\/div> \n\t\t<\/div> \n\t<\/div> \n<\/div><\/div><div class=\"block-area stripe wpb_row default with-border vc_row-fluid\"><div class=\"container clearfix\">\n\t<div class=\"vc_col-sm-12 wpb_column column_container\" style=\"\">\n\t\t<div class=\"wpb_wrapper\">\n\t\t\t<div class=\"gap\" style=\"line-height: 80px; height: 80px;\"><\/div>\n\t\t<\/div> \n\t<\/div> \n<\/div><\/div><div class=\"block-area stripe wpb_row default with-border vc_row-fluid\"><div class=\"container clearfix\">\n\t<div class=\"vc_col-sm-6 wpb_column column_container\" style=\"\">\n\t\t<div class=\"wpb_wrapper\">\n\t\t\t\n\t<div class=\"wpb_single_image_wrapper center\"><div class=\"wpb_single_image wpb_content_element\">\n\t\t<div class=\"wpb_wrapper\">\n\t\t\t\n\t\t\t<div class=\"single_image_wrapper box-item\"><img width=\"459\" height=\"459\" src=\"https:\/\/salutologie.org\/wp-content\/uploads\/2020\/01\/2016.png\" class=\"attachment-full\" alt=\"\" decoding=\"async\" loading=\"lazy\" srcset=\"https:\/\/salutologie.org\/wp-content\/uploads\/2020\/01\/2016.png 459w, https:\/\/salutologie.org\/wp-content\/uploads\/2020\/01\/2016-300x300.png 300w, https:\/\/salutologie.org\/wp-content\/uploads\/2020\/01\/2016-150x150.png 150w\" sizes=\"(max-width: 459px) 100vw, 459px\" \/><\/div>\n\t\t<\/div> \n\t<\/div><\/div> \n\t\t<\/div> \n\t<\/div> \n\n\t<div class=\"vc_col-sm-6 wpb_column column_container\" style=\"\">\n\t\t<div class=\"wpb_wrapper\">\n\t\t\t\n\t<div class=\"wpb_text_column wpb_content_element\">\n\t\t<div class=\"wpb_wrapper\">\n\t\t\t<div class=\"vc_col-sm-6 wpb_column column_container\">\n<div class=\"wpb_wrapper\">\n<div class=\"wpb_text_column wpb_content_element\">\n<div class=\"wpb_wrapper\">\n<p><a href=\"https:\/\/salutologie.org\/en\/team-member\/sepp-fegerl\/\"><strong>Dr. med. univ.\u00a0 Sepp Fegerl<\/strong><\/a><\/p>\n<p>Arzt f\u00fcr Allgemeinmedizin, Ern\u00e4hrungsmedizin<\/p>\n<\/div>\n<\/div>\n<\/div>\n<\/div>\n\n\t\t<\/div> \n\t<\/div> \n\t\t<\/div> \n\t<\/div> \n<\/div><\/div>\n<\/section>","protected":false},"excerpt":{"rendered":"<p>Wie Zeit die Verdauung beeinflusst<\/p>","protected":false},"author":1,"featured_media":4027,"comment_status":"closed","ping_status":"open","sticky":false,"template":"","format":"standard","meta":{"footnotes":""},"categories":[21,60],"tags":[],"yoast_head":"<!-- This site is optimized with the Yoast SEO plugin v22.6 - https:\/\/yoast.com\/wordpress\/plugins\/seo\/ -->\n<title>Chronobiologie &amp; F.X.Mayr - Universit\u00e4t f\u00fcr Salutologie\u00ae<\/title>\n<meta name=\"robots\" content=\"index, follow, max-snippet:-1, max-image-preview:large, max-video-preview:-1\" \/>\n<link rel=\"canonical\" href=\"https:\/\/salutologie.org\/en\/publikationen-gesundheit-chronobiologie-mayr\/\" \/>\n<meta property=\"og:locale\" content=\"en_GB\" \/>\n<meta property=\"og:type\" content=\"article\" \/>\n<meta property=\"og:title\" content=\"Chronobiologie &amp; F.X.Mayr - Universit\u00e4t f\u00fcr Salutologie\u00ae\" \/>\n<meta property=\"og:description\" content=\"Wie Zeit die Verdauung beeinflusst\" \/>\n<meta property=\"og:url\" content=\"https:\/\/salutologie.org\/en\/publikationen-gesundheit-chronobiologie-mayr\/\" \/>\n<meta property=\"og:site_name\" content=\"Universit\u00e4t f\u00fcr Salutologie\u00ae\" \/>\n<meta property=\"article:published_time\" content=\"2021-04-25T19:33:04+00:00\" \/>\n<meta property=\"article:modified_time\" content=\"2025-08-07T08:27:07+00:00\" \/>\n<meta property=\"og:image\" content=\"https:\/\/salutologie.org\/wp-content\/uploads\/2021\/04\/pexels-moose-photos-1037993.jpg\" \/>\n\t<meta property=\"og:image:width\" content=\"1500\" \/>\n\t<meta property=\"og:image:height\" content=\"500\" \/>\n\t<meta property=\"og:image:type\" content=\"image\/jpeg\" \/>\n<meta name=\"author\" content=\"wp-admin\" \/>\n<meta name=\"twitter:card\" content=\"summary_large_image\" \/>\n<meta name=\"twitter:label1\" content=\"Written by\" \/>\n\t<meta name=\"twitter:data1\" content=\"wp-admin\" \/>\n\t<meta name=\"twitter:label2\" content=\"Estimated reading time\" \/>\n\t<meta name=\"twitter:data2\" content=\"3 minutes\" \/>\n<script type=\"application\/ld+json\" class=\"yoast-schema-graph\">{\"@context\":\"https:\/\/schema.org\",\"@graph\":[{\"@type\":\"WebPage\",\"@id\":\"https:\/\/salutologie.org\/publikationen-gesundheit-chronobiologie-mayr\/\",\"url\":\"https:\/\/salutologie.org\/publikationen-gesundheit-chronobiologie-mayr\/\",\"name\":\"Chronobiologie & F.X.Mayr - Universit\u00e4t f\u00fcr Salutologie\u00ae\",\"isPartOf\":{\"@id\":\"https:\/\/salutologie.org\/#website\"},\"primaryImageOfPage\":{\"@id\":\"https:\/\/salutologie.org\/publikationen-gesundheit-chronobiologie-mayr\/#primaryimage\"},\"image\":{\"@id\":\"https:\/\/salutologie.org\/publikationen-gesundheit-chronobiologie-mayr\/#primaryimage\"},\"thumbnailUrl\":\"https:\/\/salutologie.org\/wp-content\/uploads\/2021\/04\/pexels-moose-photos-1037993.jpg\",\"datePublished\":\"2021-04-25T19:33:04+00:00\",\"dateModified\":\"2025-08-07T08:27:07+00:00\",\"author\":{\"@id\":\"https:\/\/salutologie.org\/#\/schema\/person\/828e3d339c739b762a4294433c05a9ce\"},\"breadcrumb\":{\"@id\":\"https:\/\/salutologie.org\/publikationen-gesundheit-chronobiologie-mayr\/#breadcrumb\"},\"inLanguage\":\"en-GB\",\"potentialAction\":[{\"@type\":\"ReadAction\",\"target\":[\"https:\/\/salutologie.org\/publikationen-gesundheit-chronobiologie-mayr\/\"]}]},{\"@type\":\"ImageObject\",\"inLanguage\":\"en-GB\",\"@id\":\"https:\/\/salutologie.org\/publikationen-gesundheit-chronobiologie-mayr\/#primaryimage\",\"url\":\"https:\/\/salutologie.org\/wp-content\/uploads\/2021\/04\/pexels-moose-photos-1037993.jpg\",\"contentUrl\":\"https:\/\/salutologie.org\/wp-content\/uploads\/2021\/04\/pexels-moose-photos-1037993.jpg\",\"width\":1500,\"height\":500},{\"@type\":\"BreadcrumbList\",\"@id\":\"https:\/\/salutologie.org\/publikationen-gesundheit-chronobiologie-mayr\/#breadcrumb\",\"itemListElement\":[{\"@type\":\"ListItem\",\"position\":1,\"name\":\"Startseite\",\"item\":\"https:\/\/salutologie.org\/\"},{\"@type\":\"ListItem\",\"position\":2,\"name\":\"Chronobiologie &#038; F.X.Mayr\"}]},{\"@type\":\"WebSite\",\"@id\":\"https:\/\/salutologie.org\/#website\",\"url\":\"https:\/\/salutologie.org\/\",\"name\":\"Universit\u00e4t f\u00fcr Salutologie\u00ae\",\"description\":\"Universit\u00e4t f\u00fcr Salutologie\u00ae\",\"potentialAction\":[{\"@type\":\"SearchAction\",\"target\":{\"@type\":\"EntryPoint\",\"urlTemplate\":\"https:\/\/salutologie.org\/?s={search_term_string}\"},\"query-input\":\"required name=search_term_string\"}],\"inLanguage\":\"en-GB\"},{\"@type\":\"Person\",\"@id\":\"https:\/\/salutologie.org\/#\/schema\/person\/828e3d339c739b762a4294433c05a9ce\",\"name\":\"wp-admin\",\"image\":{\"@type\":\"ImageObject\",\"inLanguage\":\"en-GB\",\"@id\":\"https:\/\/salutologie.org\/#\/schema\/person\/image\/\",\"url\":\"https:\/\/secure.gravatar.com\/avatar\/d9646857442a8843a3b62a0dda760756?s=96&d=mm&r=g\",\"contentUrl\":\"https:\/\/secure.gravatar.com\/avatar\/d9646857442a8843a3b62a0dda760756?s=96&d=mm&r=g\",\"caption\":\"wp-admin\"},\"url\":\"https:\/\/salutologie.org\/en\/author\/wp-admin\/\"}]}<\/script>\n<!-- \/ Yoast SEO plugin. -->","yoast_head_json":{"title":"Chronobiologie & F.X.Mayr - Universit\u00e4t f\u00fcr Salutologie\u00ae","robots":{"index":"index","follow":"follow","max-snippet":"max-snippet:-1","max-image-preview":"max-image-preview:large","max-video-preview":"max-video-preview:-1"},"canonical":"https:\/\/salutologie.org\/en\/publikationen-gesundheit-chronobiologie-mayr\/","og_locale":"en_GB","og_type":"article","og_title":"Chronobiologie & F.X.Mayr - Universit\u00e4t f\u00fcr Salutologie\u00ae","og_description":"Wie Zeit die Verdauung beeinflusst","og_url":"https:\/\/salutologie.org\/en\/publikationen-gesundheit-chronobiologie-mayr\/","og_site_name":"Universit\u00e4t f\u00fcr Salutologie\u00ae","article_published_time":"2021-04-25T19:33:04+00:00","article_modified_time":"2025-08-07T08:27:07+00:00","og_image":[{"width":1500,"height":500,"url":"https:\/\/salutologie.org\/wp-content\/uploads\/2021\/04\/pexels-moose-photos-1037993.jpg","type":"image\/jpeg"}],"author":"wp-admin","twitter_card":"summary_large_image","twitter_misc":{"Written by":"wp-admin","Estimated reading time":"3 minutes"},"schema":{"@context":"https:\/\/schema.org","@graph":[{"@type":"WebPage","@id":"https:\/\/salutologie.org\/publikationen-gesundheit-chronobiologie-mayr\/","url":"https:\/\/salutologie.org\/publikationen-gesundheit-chronobiologie-mayr\/","name":"Chronobiologie & F.X.Mayr - Universit\u00e4t f\u00fcr Salutologie\u00ae","isPartOf":{"@id":"https:\/\/salutologie.org\/#website"},"primaryImageOfPage":{"@id":"https:\/\/salutologie.org\/publikationen-gesundheit-chronobiologie-mayr\/#primaryimage"},"image":{"@id":"https:\/\/salutologie.org\/publikationen-gesundheit-chronobiologie-mayr\/#primaryimage"},"thumbnailUrl":"https:\/\/salutologie.org\/wp-content\/uploads\/2021\/04\/pexels-moose-photos-1037993.jpg","datePublished":"2021-04-25T19:33:04+00:00","dateModified":"2025-08-07T08:27:07+00:00","author":{"@id":"https:\/\/salutologie.org\/#\/schema\/person\/828e3d339c739b762a4294433c05a9ce"},"breadcrumb":{"@id":"https:\/\/salutologie.org\/publikationen-gesundheit-chronobiologie-mayr\/#breadcrumb"},"inLanguage":"en-GB","potentialAction":[{"@type":"ReadAction","target":["https:\/\/salutologie.org\/publikationen-gesundheit-chronobiologie-mayr\/"]}]},{"@type":"ImageObject","inLanguage":"en-GB","@id":"https:\/\/salutologie.org\/publikationen-gesundheit-chronobiologie-mayr\/#primaryimage","url":"https:\/\/salutologie.org\/wp-content\/uploads\/2021\/04\/pexels-moose-photos-1037993.jpg","contentUrl":"https:\/\/salutologie.org\/wp-content\/uploads\/2021\/04\/pexels-moose-photos-1037993.jpg","width":1500,"height":500},{"@type":"BreadcrumbList","@id":"https:\/\/salutologie.org\/publikationen-gesundheit-chronobiologie-mayr\/#breadcrumb","itemListElement":[{"@type":"ListItem","position":1,"name":"Startseite","item":"https:\/\/salutologie.org\/"},{"@type":"ListItem","position":2,"name":"Chronobiologie &#038; F.X.Mayr"}]},{"@type":"WebSite","@id":"https:\/\/salutologie.org\/#website","url":"https:\/\/salutologie.org\/","name":"Universit\u00e4t f\u00fcr Salutologie\u00ae","description":"Universit\u00e4t f\u00fcr Salutologie\u00ae","potentialAction":[{"@type":"SearchAction","target":{"@type":"EntryPoint","urlTemplate":"https:\/\/salutologie.org\/?s={search_term_string}"},"query-input":"required name=search_term_string"}],"inLanguage":"en-GB"},{"@type":"Person","@id":"https:\/\/salutologie.org\/#\/schema\/person\/828e3d339c739b762a4294433c05a9ce","name":"wp-admin","image":{"@type":"ImageObject","inLanguage":"en-GB","@id":"https:\/\/salutologie.org\/#\/schema\/person\/image\/","url":"https:\/\/secure.gravatar.com\/avatar\/d9646857442a8843a3b62a0dda760756?s=96&d=mm&r=g","contentUrl":"https:\/\/secure.gravatar.com\/avatar\/d9646857442a8843a3b62a0dda760756?s=96&d=mm&r=g","caption":"wp-admin"},"url":"https:\/\/salutologie.org\/en\/author\/wp-admin\/"}]}},"_links":{"self":[{"href":"https:\/\/salutologie.org\/en\/wp-json\/wp\/v2\/posts\/4014"}],"collection":[{"href":"https:\/\/salutologie.org\/en\/wp-json\/wp\/v2\/posts"}],"about":[{"href":"https:\/\/salutologie.org\/en\/wp-json\/wp\/v2\/types\/post"}],"author":[{"embeddable":true,"href":"https:\/\/salutologie.org\/en\/wp-json\/wp\/v2\/users\/1"}],"replies":[{"embeddable":true,"href":"https:\/\/salutologie.org\/en\/wp-json\/wp\/v2\/comments?post=4014"}],"version-history":[{"count":8,"href":"https:\/\/salutologie.org\/en\/wp-json\/wp\/v2\/posts\/4014\/revisions"}],"predecessor-version":[{"id":5413,"href":"https:\/\/salutologie.org\/en\/wp-json\/wp\/v2\/posts\/4014\/revisions\/5413"}],"wp:featuredmedia":[{"embeddable":true,"href":"https:\/\/salutologie.org\/en\/wp-json\/wp\/v2\/media\/4027"}],"wp:attachment":[{"href":"https:\/\/salutologie.org\/en\/wp-json\/wp\/v2\/media?parent=4014"}],"wp:term":[{"taxonomy":"category","embeddable":true,"href":"https:\/\/salutologie.org\/en\/wp-json\/wp\/v2\/categories?post=4014"},{"taxonomy":"post_tag","embeddable":true,"href":"https:\/\/salutologie.org\/en\/wp-json\/wp\/v2\/tags?post=4014"}],"curies":[{"name":"wp","href":"https:\/\/api.w.org\/{rel}","templated":true}]}}